{"id":8821,"date":"2026-09-03T09:00:46","date_gmt":"2026-09-03T07:00:46","guid":{"rendered":"https:\/\/falun2027.com\/?p=8821"},"modified":"2026-09-03T09:57:49","modified_gmt":"2026-09-03T07:57:49","slug":"epiroc-blir-officiell-partner-till-falun-2027","status":"publish","type":"post","link":"https:\/\/falun2027.com\/sv\/epiroc-blir-officiell-partner-till-falun-2027\/","title":{"rendered":"Epiroc blir officiell partner till Falun 2027"},"content":{"rendered":"<p><strong>Den svenska teknik- och industrikoncernen Epiroc har tecknat avtal som officiell partner till Falun 2027<\/strong><\/p>\n<p><strong>\u2014 Att ett v\u00e4rldsledande svenskt industrif\u00f6retag v\u00e4ljer att anv\u00e4nda VM som plattform k\u00e4nns b\u00e5de starkt och v\u00e4ldigt inspirerande, s\u00e4ger Patrik Blomquist, Senior Commercial Manager f\u00f6r Skid-VM Falun 2027.<\/strong><\/p>\n<p>Epiroc \u00e4r ett globalt teknikf\u00f6retag med r\u00f6tter i Sverige och f\u00f6rs\u00e4ljning p\u00e5 marknader i cirka 150 l\u00e4nder. Bolaget tillhandah\u00e5ller utrustning, service och avancerade l\u00f6sningar f\u00f6r gruv- och anl\u00e4ggningsindustrin som st\u00e4rker s\u00e4kerheten, produktiviteten och h\u00e5llbarheten f\u00f6r kunderna bland annat genom elektrifiering, automation och digitalisering.<span class=\"Apple-converted-space\">\u00a0<\/span><\/p>\n<p>Nu har Epiroc tecknat avtal som officiell partner till Falun 2027.<\/p>\n<p>\u2013 Vi \u00e4r v\u00e4ldigt stolta \u00f6ver att v\u00e4lkomna Epiroc till VM-familjen. Epiroc representerar mycket av det som vi vill att Skid-VM i Falun 2027 ska f\u00f6rknippas med \u2013 svensk innovationskraft, internationell ambition, utveckling och framtidstro, s\u00e4ger Patrik Blomquist, Senior Commercial Manager f\u00f6r Skid-VM Falun 2027.<\/p>\n<p>\u2014 F\u00f6r oss handlar partnerskapet om att inspirera fler att uppt\u00e4cka m\u00f6jligheterna inom teknik och industri. Skid-VM ger oss en unik m\u00f6jlighet att m\u00f6ta m\u00e4nniskor, v\u00e4cka intresse f\u00f6r framtidens teknik och visa de karri\u00e4rm\u00f6jligheter som finns inom Epiroc, s\u00e4ger Jonas Albertson, Teknologichef samt chef f\u00f6r Epirocs \u00d6rebro-bolag.<span class=\"Apple-converted-space\">\u00a0<\/span><\/p>\n<p>24 februari 2027 invigs vinterns stora folkfest. Under de f\u00f6ljande elva dagarna kommer hela skidv\u00e4rldens blickar att riktas mot Falun och Lugnet.<\/p>\n<p>\u2014 V\u00e5ra kunder verkar i branscher som bygger framtidens samh\u00e4lle. Skid-VM ger oss en fantastisk m\u00f6jlighet att m\u00f6tas, utbyta erfarenheter och tillsammans lyfta betydelsen av innovation, h\u00e5llbarhet och l\u00e5ngsiktig utveckling, s\u00e4ger Andrzej Mielko, Epirocs regionchef f\u00f6r Norra Europa.<\/p>\n","protected":false},"excerpt":{"rendered":"<p>Den svenska teknik- och industrikoncernen Epiroc har tecknat avtal som officiell partner till Falun 2027 \u2014 Att ett v\u00e4rldsledande svenskt industrif\u00f6retag v\u00e4ljer att anv\u00e4nda VM som plattform k\u00e4nns b\u00e5de starkt och v\u00e4ldigt inspirerande, s\u00e4ger Patrik Blomquist, Senior Commercial Manager f\u00f6r Skid-VM Falun 2027. Epiroc \u00e4r ett globalt teknikf\u00f6retag med r\u00f6tter i Sverige och f\u00f6rs\u00e4ljning p\u00e5&hellip;<\/p>\n","protected":false},"author":7,"featured_media":8295,"comment_status":"closed","ping_status":"closed","sticky":false,"template":"","format":"standard","meta":{"_acf_changed":false,"footnotes":""},"categories":[29],"tags":[],"class_list":["post-8821","post","type-post","status-publish","format-standard","has-post-thumbnail","hentry","category-nyheter"],"acf":[],"yoast_head":"<!-- This site is optimized with the Yoast SEO plugin v28.1 - https:\/\/yoast.com\/product\/yoast-seo-wordpress\/ -->\n<title>Epiroc blir officiell partner till Falun 2027 - Falun 2027<\/title>\n<meta name=\"robots\" content=\"index, follow, max-snippet:-1, max-image-preview:large, max-video-preview:-1\" \/>\n<link rel=\"canonical\" href=\"https:\/\/falun2027.com\/sv\/epiroc-blir-officiell-partner-till-falun-2027\/\" \/>\n<meta property=\"og:locale\" content=\"sv_SE\" \/>\n<meta property=\"og:type\" content=\"article\" \/>\n<meta property=\"og:title\" content=\"Epiroc blir officiell partner till Falun 2027 - Falun 2027\" \/>\n<meta property=\"og:description\" content=\"Den svenska teknik- och industrikoncernen Epiroc har tecknat avtal som officiell partner till Falun 2027 \u2014 Att ett v\u00e4rldsledande svenskt industrif\u00f6retag v\u00e4ljer att anv\u00e4nda VM som plattform k\u00e4nns b\u00e5de starkt och v\u00e4ldigt inspirerande, s\u00e4ger Patrik Blomquist, Senior Commercial Manager f\u00f6r Skid-VM Falun 2027. Epiroc \u00e4r ett globalt teknikf\u00f6retag med r\u00f6tter i Sverige och f\u00f6rs\u00e4ljning p\u00e5&hellip;\" \/>\n<meta property=\"og:url\" content=\"https:\/\/falun2027.com\/sv\/epiroc-blir-officiell-partner-till-falun-2027\/\" \/>\n<meta property=\"og:site_name\" content=\"Falun 2027\" \/>\n<meta property=\"article:published_time\" content=\"2026-09-03T07:00:46+00:00\" \/>\n<meta property=\"article:modified_time\" content=\"2026-09-03T07:57:49+00:00\" \/>\n<meta property=\"og:image\" content=\"https:\/\/falun2027.com\/wp-content\/uploads\/2026\/05\/22Up003247_PH_utan_ol.jpg\" \/>\n\t<meta property=\"og:image:width\" content=\"2000\" \/>\n\t<meta property=\"og:image:height\" content=\"1436\" \/>\n\t<meta property=\"og:image:type\" content=\"image\/jpeg\" \/>\n<meta name=\"author\" content=\"Marten\" \/>\n<meta name=\"twitter:card\" content=\"summary_large_image\" \/>\n<meta name=\"twitter:label1\" content=\"Skriven av\" \/>\n\t<meta name=\"twitter:data1\" content=\"Marten\" \/>\n\t<meta name=\"twitter:label2\" content=\"Ber\u00e4knad l\u00e4stid\" \/>\n\t<meta name=\"twitter:data2\" content=\"2 minuter\" \/>\n<script type=\"application\/ld+json\" class=\"yoast-schema-graph\">{\"@context\":\"https:\\\/\\\/schema.org\",\"@graph\":[{\"@type\":\"Article\",\"@id\":\"https:\\\/\\\/falun2027.com\\\/sv\\\/epiroc-blir-officiell-partner-till-falun-2027\\\/#article\",\"isPartOf\":{\"@id\":\"https:\\\/\\\/falun2027.com\\\/sv\\\/epiroc-blir-officiell-partner-till-falun-2027\\\/\"},\"author\":{\"name\":\"Marten\",\"@id\":\"https:\\\/\\\/falun2027.com\\\/sv\\\/#\\\/schema\\\/person\\\/a71315b4144000cef06646b9d93b3ae9\"},\"headline\":\"Epiroc blir officiell partner till Falun 2027\",\"datePublished\":\"2026-09-03T07:00:46+00:00\",\"dateModified\":\"2026-09-03T07:57:49+00:00\",\"mainEntityOfPage\":{\"@id\":\"https:\\\/\\\/falun2027.com\\\/sv\\\/epiroc-blir-officiell-partner-till-falun-2027\\\/\"},\"wordCount\":291,\"image\":{\"@id\":\"https:\\\/\\\/falun2027.com\\\/sv\\\/epiroc-blir-officiell-partner-till-falun-2027\\\/#primaryimage\"},\"thumbnailUrl\":\"https:\\\/\\\/falun2027.com\\\/wp-content\\\/uploads\\\/2026\\\/05\\\/22Up003247_PH_utan_ol.jpg\",\"articleSection\":[\"Nyheter\"],\"inLanguage\":\"sv-SE\"},{\"@type\":\"WebPage\",\"@id\":\"https:\\\/\\\/falun2027.com\\\/sv\\\/epiroc-blir-officiell-partner-till-falun-2027\\\/\",\"url\":\"https:\\\/\\\/falun2027.com\\\/sv\\\/epiroc-blir-officiell-partner-till-falun-2027\\\/\",\"name\":\"Epiroc blir officiell partner till Falun 2027 - Falun 2027\",\"isPartOf\":{\"@id\":\"https:\\\/\\\/falun2027.com\\\/sv\\\/#website\"},\"primaryImageOfPage\":{\"@id\":\"https:\\\/\\\/falun2027.com\\\/sv\\\/epiroc-blir-officiell-partner-till-falun-2027\\\/#primaryimage\"},\"image\":{\"@id\":\"https:\\\/\\\/falun2027.com\\\/sv\\\/epiroc-blir-officiell-partner-till-falun-2027\\\/#primaryimage\"},\"thumbnailUrl\":\"https:\\\/\\\/falun2027.com\\\/wp-content\\\/uploads\\\/2026\\\/05\\\/22Up003247_PH_utan_ol.jpg\",\"datePublished\":\"2026-09-03T07:00:46+00:00\",\"dateModified\":\"2026-09-03T07:57:49+00:00\",\"author\":{\"@id\":\"https:\\\/\\\/falun2027.com\\\/sv\\\/#\\\/schema\\\/person\\\/a71315b4144000cef06646b9d93b3ae9\"},\"breadcrumb\":{\"@id\":\"https:\\\/\\\/falun2027.com\\\/sv\\\/epiroc-blir-officiell-partner-till-falun-2027\\\/#breadcrumb\"},\"inLanguage\":\"sv-SE\",\"potentialAction\":[{\"@type\":\"ReadAction\",\"target\":[\"https:\\\/\\\/falun2027.com\\\/sv\\\/epiroc-blir-officiell-partner-till-falun-2027\\\/\"]}]},{\"@type\":\"ImageObject\",\"inLanguage\":\"sv-SE\",\"@id\":\"https:\\\/\\\/falun2027.com\\\/sv\\\/epiroc-blir-officiell-partner-till-falun-2027\\\/#primaryimage\",\"url\":\"https:\\\/\\\/falun2027.com\\\/wp-content\\\/uploads\\\/2026\\\/05\\\/22Up003247_PH_utan_ol.jpg\",\"contentUrl\":\"https:\\\/\\\/falun2027.com\\\/wp-content\\\/uploads\\\/2026\\\/05\\\/22Up003247_PH_utan_ol.jpg\",\"width\":2000,\"height\":1436},{\"@type\":\"BreadcrumbList\",\"@id\":\"https:\\\/\\\/falun2027.com\\\/sv\\\/epiroc-blir-officiell-partner-till-falun-2027\\\/#breadcrumb\",\"itemListElement\":[{\"@type\":\"ListItem\",\"position\":1,\"name\":\"Hem\",\"item\":\"https:\\\/\\\/falun2027.com\\\/sv\\\/\"},{\"@type\":\"ListItem\",\"position\":2,\"name\":\"Epiroc blir officiell partner till Falun 2027\"}]},{\"@type\":\"WebSite\",\"@id\":\"https:\\\/\\\/falun2027.com\\\/sv\\\/#website\",\"url\":\"https:\\\/\\\/falun2027.com\\\/sv\\\/\",\"name\":\"Falun 2027\",\"description\":\"Skid-VM Falun 2027\",\"potentialAction\":[{\"@type\":\"SearchAction\",\"target\":{\"@type\":\"EntryPoint\",\"urlTemplate\":\"https:\\\/\\\/falun2027.com\\\/sv\\\/?s={search_term_string}\"},\"query-input\":{\"@type\":\"PropertyValueSpecification\",\"valueRequired\":true,\"valueName\":\"search_term_string\"}}],\"inLanguage\":\"sv-SE\"},{\"@type\":\"Person\",\"@id\":\"https:\\\/\\\/falun2027.com\\\/sv\\\/#\\\/schema\\\/person\\\/a71315b4144000cef06646b9d93b3ae9\",\"name\":\"Marten\",\"image\":{\"@type\":\"ImageObject\",\"inLanguage\":\"sv-SE\",\"@id\":\"https:\\\/\\\/falun2027.com\\\/wp-content\\\/litespeed\\\/avatar\\\/9e62447a5b5f2623e5147ecd12857acf.jpg?ver=1788356580\",\"url\":\"https:\\\/\\\/falun2027.com\\\/wp-content\\\/litespeed\\\/avatar\\\/9e62447a5b5f2623e5147ecd12857acf.jpg?ver=1788356580\",\"contentUrl\":\"https:\\\/\\\/falun2027.com\\\/wp-content\\\/litespeed\\\/avatar\\\/9e62447a5b5f2623e5147ecd12857acf.jpg?ver=1788356580\",\"caption\":\"Marten\"}}]}<\/script>\n<!-- \/ Yoast SEO plugin. -->","yoast_head_json":{"title":"Epiroc blir officiell partner till Falun 2027 - Falun 2027","robots":{"index":"index","follow":"follow","max-snippet":"max-snippet:-1","max-image-preview":"max-image-preview:large","max-video-preview":"max-video-preview:-1"},"canonical":"https:\/\/falun2027.com\/sv\/epiroc-blir-officiell-partner-till-falun-2027\/","og_locale":"sv_SE","og_type":"article","og_title":"Epiroc blir officiell partner till Falun 2027 - Falun 2027","og_description":"Den svenska teknik- och industrikoncernen Epiroc har tecknat avtal som officiell partner till Falun 2027 \u2014 Att ett v\u00e4rldsledande svenskt industrif\u00f6retag v\u00e4ljer att anv\u00e4nda VM som plattform k\u00e4nns b\u00e5de starkt och v\u00e4ldigt inspirerande, s\u00e4ger Patrik Blomquist, Senior Commercial Manager f\u00f6r Skid-VM Falun 2027. Epiroc \u00e4r ett globalt teknikf\u00f6retag med r\u00f6tter i Sverige och f\u00f6rs\u00e4ljning p\u00e5&hellip;","og_url":"https:\/\/falun2027.com\/sv\/epiroc-blir-officiell-partner-till-falun-2027\/","og_site_name":"Falun 2027","article_published_time":"2026-09-03T07:00:46+00:00","article_modified_time":"2026-09-03T07:57:49+00:00","og_image":[{"width":2000,"height":1436,"url":"https:\/\/falun2027.com\/wp-content\/uploads\/2026\/05\/22Up003247_PH_utan_ol.jpg","type":"image\/jpeg"}],"author":"Marten","twitter_card":"summary_large_image","twitter_misc":{"Skriven av":"Marten","Ber\u00e4knad l\u00e4stid":"2 minuter"},"schema":{"@context":"https:\/\/schema.org","@graph":[{"@type":"Article","@id":"https:\/\/falun2027.com\/sv\/epiroc-blir-officiell-partner-till-falun-2027\/#article","isPartOf":{"@id":"https:\/\/falun2027.com\/sv\/epiroc-blir-officiell-partner-till-falun-2027\/"},"author":{"name":"Marten","@id":"https:\/\/falun2027.com\/sv\/#\/schema\/person\/a71315b4144000cef06646b9d93b3ae9"},"headline":"Epiroc blir officiell partner till Falun 2027","datePublished":"2026-09-03T07:00:46+00:00","dateModified":"2026-09-03T07:57:49+00:00","mainEntityOfPage":{"@id":"https:\/\/falun2027.com\/sv\/epiroc-blir-officiell-partner-till-falun-2027\/"},"wordCount":291,"image":{"@id":"https:\/\/falun2027.com\/sv\/epiroc-blir-officiell-partner-till-falun-2027\/#primaryimage"},"thumbnailUrl":"https:\/\/falun2027.com\/wp-content\/uploads\/2026\/05\/22Up003247_PH_utan_ol.jpg","articleSection":["Nyheter"],"inLanguage":"sv-SE"},{"@type":"WebPage","@id":"https:\/\/falun2027.com\/sv\/epiroc-blir-officiell-partner-till-falun-2027\/","url":"https:\/\/falun2027.com\/sv\/epiroc-blir-officiell-partner-till-falun-2027\/","name":"Epiroc blir officiell partner till Falun 2027 - Falun 2027","isPartOf":{"@id":"https:\/\/falun2027.com\/sv\/#website"},"primaryImageOfPage":{"@id":"https:\/\/falun2027.com\/sv\/epiroc-blir-officiell-partner-till-falun-2027\/#primaryimage"},"image":{"@id":"https:\/\/falun2027.com\/sv\/epiroc-blir-officiell-partner-till-falun-2027\/#primaryimage"},"thumbnailUrl":"https:\/\/falun2027.com\/wp-content\/uploads\/2026\/05\/22Up003247_PH_utan_ol.jpg","datePublished":"2026-09-03T07:00:46+00:00","dateModified":"2026-09-03T07:57:49+00:00","author":{"@id":"https:\/\/falun2027.com\/sv\/#\/schema\/person\/a71315b4144000cef06646b9d93b3ae9"},"breadcrumb":{"@id":"https:\/\/falun2027.com\/sv\/epiroc-blir-officiell-partner-till-falun-2027\/#breadcrumb"},"inLanguage":"sv-SE","potentialAction":[{"@type":"ReadAction","target":["https:\/\/falun2027.com\/sv\/epiroc-blir-officiell-partner-till-falun-2027\/"]}]},{"@type":"ImageObject","inLanguage":"sv-SE","@id":"https:\/\/falun2027.com\/sv\/epiroc-blir-officiell-partner-till-falun-2027\/#primaryimage","url":"https:\/\/falun2027.com\/wp-content\/uploads\/2026\/05\/22Up003247_PH_utan_ol.jpg","contentUrl":"https:\/\/falun2027.com\/wp-content\/uploads\/2026\/05\/22Up003247_PH_utan_ol.jpg","width":2000,"height":1436},{"@type":"BreadcrumbList","@id":"https:\/\/falun2027.com\/sv\/epiroc-blir-officiell-partner-till-falun-2027\/#breadcrumb","itemListElement":[{"@type":"ListItem","position":1,"name":"Hem","item":"https:\/\/falun2027.com\/sv\/"},{"@type":"ListItem","position":2,"name":"Epiroc blir officiell partner till Falun 2027"}]},{"@type":"WebSite","@id":"https:\/\/falun2027.com\/sv\/#website","url":"https:\/\/falun2027.com\/sv\/","name":"Falun 2027","description":"Skid-VM Falun 2027","potentialAction":[{"@type":"SearchAction","target":{"@type":"EntryPoint","urlTemplate":"https:\/\/falun2027.com\/sv\/?s={search_term_string}"},"query-input":{"@type":"PropertyValueSpecification","valueRequired":true,"valueName":"search_term_string"}}],"inLanguage":"sv-SE"},{"@type":"Person","@id":"https:\/\/falun2027.com\/sv\/#\/schema\/person\/a71315b4144000cef06646b9d93b3ae9","name":"Marten","image":{"@type":"ImageObject","inLanguage":"sv-SE","@id":"https:\/\/falun2027.com\/wp-content\/litespeed\/avatar\/9e62447a5b5f2623e5147ecd12857acf.jpg?ver=1788356580","url":"https:\/\/falun2027.com\/wp-content\/litespeed\/avatar\/9e62447a5b5f2623e5147ecd12857acf.jpg?ver=1788356580","contentUrl":"https:\/\/falun2027.com\/wp-content\/litespeed\/avatar\/9e62447a5b5f2623e5147ecd12857acf.jpg?ver=1788356580","caption":"Marten"}}]}},"_links":{"self":[{"href":"https:\/\/falun2027.com\/sv\/wp-json\/wp\/v2\/posts\/8821","targetHints":{"allow":["GET"]}}],"collection":[{"href":"https:\/\/falun2027.com\/sv\/wp-json\/wp\/v2\/posts"}],"about":[{"href":"https:\/\/falun2027.com\/sv\/wp-json\/wp\/v2\/types\/post"}],"author":[{"embeddable":true,"href":"https:\/\/falun2027.com\/sv\/wp-json\/wp\/v2\/users\/7"}],"replies":[{"embeddable":true,"href":"https:\/\/falun2027.com\/sv\/wp-json\/wp\/v2\/comments?post=8821"}],"version-history":[{"count":3,"href":"https:\/\/falun2027.com\/sv\/wp-json\/wp\/v2\/posts\/8821\/revisions"}],"predecessor-version":[{"id":8828,"href":"https:\/\/falun2027.com\/sv\/wp-json\/wp\/v2\/posts\/8821\/revisions\/8828"}],"wp:featuredmedia":[{"embeddable":true,"href":"https:\/\/falun2027.com\/sv\/wp-json\/wp\/v2\/media\/8295"}],"wp:attachment":[{"href":"https:\/\/falun2027.com\/sv\/wp-json\/wp\/v2\/media?parent=8821"}],"wp:term":[{"taxonomy":"category","embeddable":true,"href":"https:\/\/falun2027.com\/sv\/wp-json\/wp\/v2\/categories?post=8821"},{"taxonomy":"post_tag","embeddable":true,"href":"https:\/\/falun2027.com\/sv\/wp-json\/wp\/v2\/tags?post=8821"}],"curies":[{"name":"wp","href":"https:\/\/api.w.org\/{rel}","templated":true}]}}