{"id":8809,"date":"2026-09-02T13:35:16","date_gmt":"2026-09-02T11:35:16","guid":{"rendered":"https:\/\/falun2027.com\/?p=8809"},"modified":"2026-09-02T13:40:10","modified_gmt":"2026-09-02T11:40:10","slug":"stort-intresset-for-beyond-skiings-hostupptakt","status":"publish","type":"post","link":"https:\/\/falun2027.com\/sv\/stort-intresset-for-beyond-skiings-hostupptakt\/","title":{"rendered":"Stort intresse f\u00f6r Beyond Skiings h\u00f6stupptakt"},"content":{"rendered":"<p><strong>Mindre \u00e4n ett halv\u00e5r \u00e5terst\u00e5r till skid-VM i Falun.<\/strong><\/p>\n<p><strong>Under tisdagskv\u00e4llen arrangerades partnern\u00e4tverket Beyond Skiings h\u00f6stupptakt &#8211; detta med hela 180 f\u00f6retagsrepresentanter p\u00e5 plats p\u00e5 Magasinet.<\/strong><\/p>\n<p><strong>\u2014 Vi har en v\u00e4ldigt sp\u00e4nnande tid framf\u00f6r oss, och intresset f\u00f6r VM v\u00e4xer f\u00f6r varje dag, s\u00e4ger Jonas Ros\u00e9n, ordf\u00f6rande f\u00f6r Beyond Skiing.<\/strong><\/p>\n<p>Sedan starten 2009 har Beyond Skiing vuxit fr\u00e5n ett initiativ kopplat till Faluns ans\u00f6kan till skid-VM 2015 till en etablerad m\u00f6tesplats f\u00f6r f\u00f6retag, entrepren\u00f6rer och beslutsfattare. I dag \u00e4r organisationen mer \u00e4n ett aff\u00e4rsn\u00e4tverk \u2013 det \u00e4r en r\u00f6relse f\u00f6r f\u00f6retag som vill utveckla sina aff\u00e4rer, sitt varum\u00e4rke samt ut\u00f6ka sitt samh\u00e4llsengagemang.<\/p>\n<p>Nu \u00e4r det mindre \u00e4n ett halv\u00e5r till dess att Falun f\u00f6r femte g\u00e5ngen st\u00e5r som v\u00e4rd f\u00f6r skid-VM. 24 februari-7 mars \u00e4r det dags f\u00f6r Falun 2027.<\/p>\n<p>Under tisdagskv\u00e4llen arrangerades Beyond Skiings h\u00f6stupptakt. Och intresset \u00e4r stort.<span class=\"Apple-converted-space\">\u00a0<\/span><\/p>\n<p>Hela 180 f\u00f6retagsrepresentanter fanns p\u00e5 plats p\u00e5 Magasinet i Falun f\u00f6r att inleda slutspurten mot vinterns stora folkfest.<\/p>\n<p>Ett stort antal av partnerf\u00f6retagen valde att presentera sin verksamhet i den minim\u00e4ssa som inledde tr\u00e4ffen.<\/p>\n<p>Fr\u00e5n scenen fick f\u00f6retagsrepresentanterna bland annat tr\u00e4ffa Falun 2027:s samt Beyond Skiings vd Kajsa Sj\u00f6sv\u00e4rd:<\/p>\n<p>\u2014 Intresset f\u00f6r att g\u00e5 med i Beyond Skiings partnern\u00e4tverk \u00e4r v\u00e4ldigt stort. Vi v\u00e4xer snabbt. Det \u00e4r s\u00e5 h\u00e4ftigt att g\u00f6ra den h\u00e4r resan fram mot VM tillsammans. Allt f\u00f6r att vi gemensamt ska skapa VM-festen med bubblande dagar p\u00e5 Lugnet och nere p\u00e5 stan och samtidigt bidra till best\u00e5ende v\u00e4rden f\u00f6r b\u00e5de bygden och f\u00f6r sporten, s\u00e4ger Sj\u00f6sv\u00e4rd.<\/p>\n<p><a href=\"https:\/\/www.beyondskiing.com\/sv\/news\/b0e02510-878c-4f52-9ef1-a5a89141e36e\">L\u00c4S MER OM NYA UPPL\u00c4GGET I BEYOND SKIING H\u00c4R<\/a><\/p>\n<p>Storpubliken p\u00e5 Magasinet fick \u00e4ven tr\u00e4ffa det relativt nystartade Team Beyond Skiing samt den svenska backhoppningsstj\u00e4rnan Frida Westman som i vintras blev fyra i den stora backen vid OS i Italien.<\/p>\n<p>Just nu p\u00e5g\u00e5r f\u00f6rberedelserna inf\u00f6r vinters\u00e4songen f\u00f6r fullt f\u00f6r Frida i norska Trondheim d\u00e4r hon har sin bas:<\/p>\n<p>\u2014 Det \u00e4r mycket hoppning och mycket teknik. Det handlar om att g\u00f6ra m\u00e5nga repetitioner f\u00f6r att verkligen s\u00e4tta tekniken. Sen handlar det ocks\u00e5 om en hel del styrketr\u00e4ning, core, stabilitet i h\u00f6fter och kn\u00e4n f\u00f6r att kunna t\u00e5la belastningen i att g\u00f6ra m\u00e5nga hopp, s\u00e4ger Westman.<\/p>\n<p>M\u00e5ls\u00e4ttningen inf\u00f6r VM i Falun \u00e4r h\u00f6gt st\u00e4lld:<\/p>\n<p>\u2014 Jag har v\u00e4ldigt h\u00f6ga m\u00e5l. Jag vill st\u00e5 h\u00f6gst upp p\u00e5 pallen, sen vet jag att det \u00e4r ett gediget jobb som kr\u00e4vs f\u00f6r att n\u00e5 dit, men jag ska g\u00f6ra allt jag kan f\u00f6r att lyckas. Och samtidigt se till att ha kul, s\u00e4ger Frida Westman.<\/p>\n<p>Beyond Skiings aktiviteter forts\u00e4tter redan p\u00e5 fredag med den uppskattade Beyond Skiing-golfen p\u00e5 Dalsj\u00f6 Golfklubb.<\/p>\n<p><strong>VILL DITT F\u00d6RETAG OCKS\u00c5 VARA EN DEL AV BEYOND SKIING?<\/strong><\/p>\n<p>Kontakta d\u00e5 Janne Svedin p\u00e5 janne.svedin@falun2027.com<\/p>\n","protected":false},"excerpt":{"rendered":"<p>Mindre \u00e4n ett halv\u00e5r \u00e5terst\u00e5r till skid-VM i Falun. Under tisdagskv\u00e4llen arrangerades partnern\u00e4tverket Beyond Skiings h\u00f6stupptakt &#8211; detta med hela 180 f\u00f6retagsrepresentanter p\u00e5 plats p\u00e5 Magasinet. \u2014 Vi har en v\u00e4ldigt sp\u00e4nnande tid framf\u00f6r oss, och intresset f\u00f6r VM v\u00e4xer f\u00f6r varje dag, s\u00e4ger Jonas Ros\u00e9n, ordf\u00f6rande f\u00f6r Beyond Skiing. Sedan starten 2009 har Beyond&hellip;<\/p>\n","protected":false},"author":7,"featured_media":8810,"comment_status":"closed","ping_status":"closed","sticky":false,"template":"","format":"standard","meta":{"_acf_changed":false,"footnotes":""},"categories":[29],"tags":[],"class_list":["post-8809","post","type-post","status-publish","format-standard","has-post-thumbnail","hentry","category-nyheter"],"acf":[],"yoast_head":"<!-- This site is optimized with the Yoast SEO plugin v28.1 - https:\/\/yoast.com\/product\/yoast-seo-wordpress\/ -->\n<title>Stort intresse f\u00f6r Beyond Skiings h\u00f6stupptakt - Falun 2027<\/title>\n<meta name=\"robots\" content=\"index, follow, max-snippet:-1, max-image-preview:large, max-video-preview:-1\" \/>\n<link rel=\"canonical\" href=\"https:\/\/falun2027.com\/sv\/stort-intresset-for-beyond-skiings-hostupptakt\/\" \/>\n<meta property=\"og:locale\" content=\"sv_SE\" \/>\n<meta property=\"og:type\" content=\"article\" \/>\n<meta property=\"og:title\" content=\"Stort intresse f\u00f6r Beyond Skiings h\u00f6stupptakt - Falun 2027\" \/>\n<meta property=\"og:description\" content=\"Mindre \u00e4n ett halv\u00e5r \u00e5terst\u00e5r till skid-VM i Falun. Under tisdagskv\u00e4llen arrangerades partnern\u00e4tverket Beyond Skiings h\u00f6stupptakt &#8211; detta med hela 180 f\u00f6retagsrepresentanter p\u00e5 plats p\u00e5 Magasinet. \u2014 Vi har en v\u00e4ldigt sp\u00e4nnande tid framf\u00f6r oss, och intresset f\u00f6r VM v\u00e4xer f\u00f6r varje dag, s\u00e4ger Jonas Ros\u00e9n, ordf\u00f6rande f\u00f6r Beyond Skiing. Sedan starten 2009 har Beyond&hellip;\" \/>\n<meta property=\"og:url\" content=\"https:\/\/falun2027.com\/sv\/stort-intresset-for-beyond-skiings-hostupptakt\/\" \/>\n<meta property=\"og:site_name\" content=\"Falun 2027\" \/>\n<meta property=\"article:published_time\" content=\"2026-09-02T11:35:16+00:00\" \/>\n<meta property=\"article:modified_time\" content=\"2026-09-02T11:40:10+00:00\" \/>\n<meta property=\"og:image\" content=\"https:\/\/falun2027.com\/wp-content\/uploads\/2026\/09\/bshostupptakt-scaled.jpeg\" \/>\n\t<meta property=\"og:image:width\" content=\"2560\" \/>\n\t<meta property=\"og:image:height\" content=\"1997\" \/>\n\t<meta property=\"og:image:type\" content=\"image\/jpeg\" \/>\n<meta name=\"author\" content=\"Marten\" \/>\n<meta name=\"twitter:card\" content=\"summary_large_image\" \/>\n<meta name=\"twitter:label1\" content=\"Skriven av\" \/>\n\t<meta name=\"twitter:data1\" content=\"Marten\" \/>\n\t<meta name=\"twitter:label2\" content=\"Ber\u00e4knad l\u00e4stid\" \/>\n\t<meta name=\"twitter:data2\" content=\"3 minuter\" \/>\n<script type=\"application\/ld+json\" class=\"yoast-schema-graph\">{\"@context\":\"https:\\\/\\\/schema.org\",\"@graph\":[{\"@type\":\"Article\",\"@id\":\"https:\\\/\\\/falun2027.com\\\/sv\\\/stort-intresset-for-beyond-skiings-hostupptakt\\\/#article\",\"isPartOf\":{\"@id\":\"https:\\\/\\\/falun2027.com\\\/sv\\\/stort-intresset-for-beyond-skiings-hostupptakt\\\/\"},\"author\":{\"name\":\"Marten\",\"@id\":\"https:\\\/\\\/falun2027.com\\\/sv\\\/#\\\/schema\\\/person\\\/a71315b4144000cef06646b9d93b3ae9\"},\"headline\":\"Stort intresse f\u00f6r Beyond Skiings h\u00f6stupptakt\",\"datePublished\":\"2026-09-02T11:35:16+00:00\",\"dateModified\":\"2026-09-02T11:40:10+00:00\",\"mainEntityOfPage\":{\"@id\":\"https:\\\/\\\/falun2027.com\\\/sv\\\/stort-intresset-for-beyond-skiings-hostupptakt\\\/\"},\"wordCount\":548,\"image\":{\"@id\":\"https:\\\/\\\/falun2027.com\\\/sv\\\/stort-intresset-for-beyond-skiings-hostupptakt\\\/#primaryimage\"},\"thumbnailUrl\":\"https:\\\/\\\/falun2027.com\\\/wp-content\\\/uploads\\\/2026\\\/09\\\/bshostupptakt-scaled.jpeg\",\"articleSection\":[\"Nyheter\"],\"inLanguage\":\"sv-SE\"},{\"@type\":\"WebPage\",\"@id\":\"https:\\\/\\\/falun2027.com\\\/sv\\\/stort-intresset-for-beyond-skiings-hostupptakt\\\/\",\"url\":\"https:\\\/\\\/falun2027.com\\\/sv\\\/stort-intresset-for-beyond-skiings-hostupptakt\\\/\",\"name\":\"Stort intresse f\u00f6r Beyond Skiings h\u00f6stupptakt - Falun 2027\",\"isPartOf\":{\"@id\":\"https:\\\/\\\/falun2027.com\\\/sv\\\/#website\"},\"primaryImageOfPage\":{\"@id\":\"https:\\\/\\\/falun2027.com\\\/sv\\\/stort-intresset-for-beyond-skiings-hostupptakt\\\/#primaryimage\"},\"image\":{\"@id\":\"https:\\\/\\\/falun2027.com\\\/sv\\\/stort-intresset-for-beyond-skiings-hostupptakt\\\/#primaryimage\"},\"thumbnailUrl\":\"https:\\\/\\\/falun2027.com\\\/wp-content\\\/uploads\\\/2026\\\/09\\\/bshostupptakt-scaled.jpeg\",\"datePublished\":\"2026-09-02T11:35:16+00:00\",\"dateModified\":\"2026-09-02T11:40:10+00:00\",\"author\":{\"@id\":\"https:\\\/\\\/falun2027.com\\\/sv\\\/#\\\/schema\\\/person\\\/a71315b4144000cef06646b9d93b3ae9\"},\"breadcrumb\":{\"@id\":\"https:\\\/\\\/falun2027.com\\\/sv\\\/stort-intresset-for-beyond-skiings-hostupptakt\\\/#breadcrumb\"},\"inLanguage\":\"sv-SE\",\"potentialAction\":[{\"@type\":\"ReadAction\",\"target\":[\"https:\\\/\\\/falun2027.com\\\/sv\\\/stort-intresset-for-beyond-skiings-hostupptakt\\\/\"]}]},{\"@type\":\"ImageObject\",\"inLanguage\":\"sv-SE\",\"@id\":\"https:\\\/\\\/falun2027.com\\\/sv\\\/stort-intresset-for-beyond-skiings-hostupptakt\\\/#primaryimage\",\"url\":\"https:\\\/\\\/falun2027.com\\\/wp-content\\\/uploads\\\/2026\\\/09\\\/bshostupptakt-scaled.jpeg\",\"contentUrl\":\"https:\\\/\\\/falun2027.com\\\/wp-content\\\/uploads\\\/2026\\\/09\\\/bshostupptakt-scaled.jpeg\",\"width\":2560,\"height\":1997,\"caption\":\"Thomas Ekhammer, Kajsa Sj\u00f6sv\u00e4rd och Jonas Ros\u00e9n p\u00e5 scenen under Beyond Skiings h\u00f6stupptakt. Foto: M\u00e5rten L\u00e5ng\\\/Falun 2027\"},{\"@type\":\"BreadcrumbList\",\"@id\":\"https:\\\/\\\/falun2027.com\\\/sv\\\/stort-intresset-for-beyond-skiings-hostupptakt\\\/#breadcrumb\",\"itemListElement\":[{\"@type\":\"ListItem\",\"position\":1,\"name\":\"Hem\",\"item\":\"https:\\\/\\\/falun2027.com\\\/sv\\\/\"},{\"@type\":\"ListItem\",\"position\":2,\"name\":\"Stort intresse f\u00f6r Beyond Skiings h\u00f6stupptakt\"}]},{\"@type\":\"WebSite\",\"@id\":\"https:\\\/\\\/falun2027.com\\\/sv\\\/#website\",\"url\":\"https:\\\/\\\/falun2027.com\\\/sv\\\/\",\"name\":\"Falun 2027\",\"description\":\"Skid-VM Falun 2027\",\"potentialAction\":[{\"@type\":\"SearchAction\",\"target\":{\"@type\":\"EntryPoint\",\"urlTemplate\":\"https:\\\/\\\/falun2027.com\\\/sv\\\/?s={search_term_string}\"},\"query-input\":{\"@type\":\"PropertyValueSpecification\",\"valueRequired\":true,\"valueName\":\"search_term_string\"}}],\"inLanguage\":\"sv-SE\"},{\"@type\":\"Person\",\"@id\":\"https:\\\/\\\/falun2027.com\\\/sv\\\/#\\\/schema\\\/person\\\/a71315b4144000cef06646b9d93b3ae9\",\"name\":\"Marten\",\"image\":{\"@type\":\"ImageObject\",\"inLanguage\":\"sv-SE\",\"@id\":\"https:\\\/\\\/falun2027.com\\\/wp-content\\\/litespeed\\\/avatar\\\/9e62447a5b5f2623e5147ecd12857acf.jpg?ver=1788356580\",\"url\":\"https:\\\/\\\/falun2027.com\\\/wp-content\\\/litespeed\\\/avatar\\\/9e62447a5b5f2623e5147ecd12857acf.jpg?ver=1788356580\",\"contentUrl\":\"https:\\\/\\\/falun2027.com\\\/wp-content\\\/litespeed\\\/avatar\\\/9e62447a5b5f2623e5147ecd12857acf.jpg?ver=1788356580\",\"caption\":\"Marten\"}}]}<\/script>\n<!-- \/ Yoast SEO plugin. -->","yoast_head_json":{"title":"Stort intresse f\u00f6r Beyond Skiings h\u00f6stupptakt - Falun 2027","robots":{"index":"index","follow":"follow","max-snippet":"max-snippet:-1","max-image-preview":"max-image-preview:large","max-video-preview":"max-video-preview:-1"},"canonical":"https:\/\/falun2027.com\/sv\/stort-intresset-for-beyond-skiings-hostupptakt\/","og_locale":"sv_SE","og_type":"article","og_title":"Stort intresse f\u00f6r Beyond Skiings h\u00f6stupptakt - Falun 2027","og_description":"Mindre \u00e4n ett halv\u00e5r \u00e5terst\u00e5r till skid-VM i Falun. Under tisdagskv\u00e4llen arrangerades partnern\u00e4tverket Beyond Skiings h\u00f6stupptakt &#8211; detta med hela 180 f\u00f6retagsrepresentanter p\u00e5 plats p\u00e5 Magasinet. \u2014 Vi har en v\u00e4ldigt sp\u00e4nnande tid framf\u00f6r oss, och intresset f\u00f6r VM v\u00e4xer f\u00f6r varje dag, s\u00e4ger Jonas Ros\u00e9n, ordf\u00f6rande f\u00f6r Beyond Skiing. Sedan starten 2009 har Beyond&hellip;","og_url":"https:\/\/falun2027.com\/sv\/stort-intresset-for-beyond-skiings-hostupptakt\/","og_site_name":"Falun 2027","article_published_time":"2026-09-02T11:35:16+00:00","article_modified_time":"2026-09-02T11:40:10+00:00","og_image":[{"width":2560,"height":1997,"url":"https:\/\/falun2027.com\/wp-content\/uploads\/2026\/09\/bshostupptakt-scaled.jpeg","type":"image\/jpeg"}],"author":"Marten","twitter_card":"summary_large_image","twitter_misc":{"Skriven av":"Marten","Ber\u00e4knad l\u00e4stid":"3 minuter"},"schema":{"@context":"https:\/\/schema.org","@graph":[{"@type":"Article","@id":"https:\/\/falun2027.com\/sv\/stort-intresset-for-beyond-skiings-hostupptakt\/#article","isPartOf":{"@id":"https:\/\/falun2027.com\/sv\/stort-intresset-for-beyond-skiings-hostupptakt\/"},"author":{"name":"Marten","@id":"https:\/\/falun2027.com\/sv\/#\/schema\/person\/a71315b4144000cef06646b9d93b3ae9"},"headline":"Stort intresse f\u00f6r Beyond Skiings h\u00f6stupptakt","datePublished":"2026-09-02T11:35:16+00:00","dateModified":"2026-09-02T11:40:10+00:00","mainEntityOfPage":{"@id":"https:\/\/falun2027.com\/sv\/stort-intresset-for-beyond-skiings-hostupptakt\/"},"wordCount":548,"image":{"@id":"https:\/\/falun2027.com\/sv\/stort-intresset-for-beyond-skiings-hostupptakt\/#primaryimage"},"thumbnailUrl":"https:\/\/falun2027.com\/wp-content\/uploads\/2026\/09\/bshostupptakt-scaled.jpeg","articleSection":["Nyheter"],"inLanguage":"sv-SE"},{"@type":"WebPage","@id":"https:\/\/falun2027.com\/sv\/stort-intresset-for-beyond-skiings-hostupptakt\/","url":"https:\/\/falun2027.com\/sv\/stort-intresset-for-beyond-skiings-hostupptakt\/","name":"Stort intresse f\u00f6r Beyond Skiings h\u00f6stupptakt - Falun 2027","isPartOf":{"@id":"https:\/\/falun2027.com\/sv\/#website"},"primaryImageOfPage":{"@id":"https:\/\/falun2027.com\/sv\/stort-intresset-for-beyond-skiings-hostupptakt\/#primaryimage"},"image":{"@id":"https:\/\/falun2027.com\/sv\/stort-intresset-for-beyond-skiings-hostupptakt\/#primaryimage"},"thumbnailUrl":"https:\/\/falun2027.com\/wp-content\/uploads\/2026\/09\/bshostupptakt-scaled.jpeg","datePublished":"2026-09-02T11:35:16+00:00","dateModified":"2026-09-02T11:40:10+00:00","author":{"@id":"https:\/\/falun2027.com\/sv\/#\/schema\/person\/a71315b4144000cef06646b9d93b3ae9"},"breadcrumb":{"@id":"https:\/\/falun2027.com\/sv\/stort-intresset-for-beyond-skiings-hostupptakt\/#breadcrumb"},"inLanguage":"sv-SE","potentialAction":[{"@type":"ReadAction","target":["https:\/\/falun2027.com\/sv\/stort-intresset-for-beyond-skiings-hostupptakt\/"]}]},{"@type":"ImageObject","inLanguage":"sv-SE","@id":"https:\/\/falun2027.com\/sv\/stort-intresset-for-beyond-skiings-hostupptakt\/#primaryimage","url":"https:\/\/falun2027.com\/wp-content\/uploads\/2026\/09\/bshostupptakt-scaled.jpeg","contentUrl":"https:\/\/falun2027.com\/wp-content\/uploads\/2026\/09\/bshostupptakt-scaled.jpeg","width":2560,"height":1997,"caption":"Thomas Ekhammer, Kajsa Sj\u00f6sv\u00e4rd och Jonas Ros\u00e9n p\u00e5 scenen under Beyond Skiings h\u00f6stupptakt. Foto: M\u00e5rten L\u00e5ng\/Falun 2027"},{"@type":"BreadcrumbList","@id":"https:\/\/falun2027.com\/sv\/stort-intresset-for-beyond-skiings-hostupptakt\/#breadcrumb","itemListElement":[{"@type":"ListItem","position":1,"name":"Hem","item":"https:\/\/falun2027.com\/sv\/"},{"@type":"ListItem","position":2,"name":"Stort intresse f\u00f6r Beyond Skiings h\u00f6stupptakt"}]},{"@type":"WebSite","@id":"https:\/\/falun2027.com\/sv\/#website","url":"https:\/\/falun2027.com\/sv\/","name":"Falun 2027","description":"Skid-VM Falun 2027","potentialAction":[{"@type":"SearchAction","target":{"@type":"EntryPoint","urlTemplate":"https:\/\/falun2027.com\/sv\/?s={search_term_string}"},"query-input":{"@type":"PropertyValueSpecification","valueRequired":true,"valueName":"search_term_string"}}],"inLanguage":"sv-SE"},{"@type":"Person","@id":"https:\/\/falun2027.com\/sv\/#\/schema\/person\/a71315b4144000cef06646b9d93b3ae9","name":"Marten","image":{"@type":"ImageObject","inLanguage":"sv-SE","@id":"https:\/\/falun2027.com\/wp-content\/litespeed\/avatar\/9e62447a5b5f2623e5147ecd12857acf.jpg?ver=1788356580","url":"https:\/\/falun2027.com\/wp-content\/litespeed\/avatar\/9e62447a5b5f2623e5147ecd12857acf.jpg?ver=1788356580","contentUrl":"https:\/\/falun2027.com\/wp-content\/litespeed\/avatar\/9e62447a5b5f2623e5147ecd12857acf.jpg?ver=1788356580","caption":"Marten"}}]}},"_links":{"self":[{"href":"https:\/\/falun2027.com\/sv\/wp-json\/wp\/v2\/posts\/8809","targetHints":{"allow":["GET"]}}],"collection":[{"href":"https:\/\/falun2027.com\/sv\/wp-json\/wp\/v2\/posts"}],"about":[{"href":"https:\/\/falun2027.com\/sv\/wp-json\/wp\/v2\/types\/post"}],"author":[{"embeddable":true,"href":"https:\/\/falun2027.com\/sv\/wp-json\/wp\/v2\/users\/7"}],"replies":[{"embeddable":true,"href":"https:\/\/falun2027.com\/sv\/wp-json\/wp\/v2\/comments?post=8809"}],"version-history":[{"count":3,"href":"https:\/\/falun2027.com\/sv\/wp-json\/wp\/v2\/posts\/8809\/revisions"}],"predecessor-version":[{"id":8816,"href":"https:\/\/falun2027.com\/sv\/wp-json\/wp\/v2\/posts\/8809\/revisions\/8816"}],"wp:featuredmedia":[{"embeddable":true,"href":"https:\/\/falun2027.com\/sv\/wp-json\/wp\/v2\/media\/8810"}],"wp:attachment":[{"href":"https:\/\/falun2027.com\/sv\/wp-json\/wp\/v2\/media?parent=8809"}],"wp:term":[{"taxonomy":"category","embeddable":true,"href":"https:\/\/falun2027.com\/sv\/wp-json\/wp\/v2\/categories?post=8809"},{"taxonomy":"post_tag","embeddable":true,"href":"https:\/\/falun2027.com\/sv\/wp-json\/wp\/v2\/tags?post=8809"}],"curies":[{"name":"wp","href":"https:\/\/api.w.org\/{rel}","templated":true}]}}