{"id":8786,"date":"2026-09-01T08:29:50","date_gmt":"2026-09-01T06:29:50","guid":{"rendered":"https:\/\/falun2027.com\/?p=8786"},"modified":"2026-09-01T08:31:31","modified_gmt":"2026-09-01T06:31:31","slug":"ta-chansen-att-bli-en-av-vara-heroes","status":"publish","type":"post","link":"https:\/\/falun2027.com\/sv\/ta-chansen-att-bli-en-av-vara-heroes\/","title":{"rendered":"Ta chansen att bli en av v\u00e5ra Heroes"},"content":{"rendered":"<p><strong>936 personer fr\u00e5n 28 olika nationer har redan ans\u00f6kt om att bli volont\u00e4rer under vinterns skid-VM i Falun.<\/strong><\/p>\n<p><strong>Nu har du ocks\u00e5 chansen att bli en av v\u00e5ra fantastiska Heroes &#8211; i dag \u00f6ppnas volont\u00e4rsportalen igen.<\/strong><\/p>\n<p>Under ett par m\u00e5nader i v\u00e5ras fanns den f\u00f6rsta m\u00f6jligheten att ans\u00f6ka om att f\u00e5 bli volont\u00e4r under vinterns skid-VM i Falun. Intresset var riktigt stort.<\/p>\n<p>\u2014 V\u00e5r m\u00e5ls\u00e4ttning \u00e4r att ha 2 000 Heroes (som \u00e4r namnet p\u00e5 Falun 2027:s volont\u00e4rer) n\u00e4r vi drar ig\u00e5ng VM-festen i februari m\u00e5nad. Att vi redan innan sommaren hade 936 ans\u00f6kningar k\u00e4nns v\u00e4ldigt bra, s\u00e4ger Agnes Larsson Lyckholm, volont\u00e4rskoordinator p\u00e5 Falun 2027.<\/p>\n<p>Noterbart \u00e4r att hela 28 nationer finns representerade bland de som redan nu ans\u00f6kt om att bli volont\u00e4r.<\/p>\n<p>\u2014 Det \u00e4r ett stort och h\u00e4ftigt g\u00e4ng som gemensamt kommer att skapa magi och d\u00e4r var och en kommer att bidra till att skapa minnen f\u00f6r livet b\u00e5de f\u00f6r sig sj\u00e4lva och f\u00f6r alla v\u00e5ra bes\u00f6kare och deltagare, s\u00e4ger Maria H\u00e5llmarker som arbetar med volont\u00e4rer p\u00e5 Falun 2027.<\/p>\n<p>Nu har du chansen att ans\u00f6ka om att bli volont\u00e4r. I dag \u00e5ter\u00f6ppnas volont\u00e4rsportalen, och portalen kommer att vara \u00f6ppen till och med oktober:<\/p>\n<p>\u2014 Vi rekommenderar att du redan nu g\u00e5r in och registrerar dig. D\u00e5 har du st\u00f6rre m\u00f6jlighet att f\u00e5 ett volont\u00e4rsuppdrag inom det omr\u00e5de som du vill arbeta inom, s\u00e4ger Agnes Larsson Lyckholm.<\/p>\n<p><strong>Vill du bli en av v\u00e5ra Heroes<\/strong><\/p>\n<p><a href=\"https:\/\/falun2027.com\/sv\/vill-du-bli-en-av-vara-heroes-har-ar-guiden-till-att-bli-volontar\/\">H\u00c4R HITTAR DU V\u00c5R VOLONT\u00c4RSGUIDE<\/a><\/p>\n<p><a href=\"https:\/\/eventpage.se\/view\/falun2027\/anmalan\">H\u00c4R ANS\u00d6KER DU OM ATT BLI VOLONT\u00c4R<\/a><\/p>\n","protected":false},"excerpt":{"rendered":"<p>936 personer fr\u00e5n 28 olika nationer har redan ans\u00f6kt om att bli volont\u00e4rer under vinterns skid-VM i Falun. Nu har du ocks\u00e5 chansen att bli en av v\u00e5ra fantastiska Heroes &#8211; i dag \u00f6ppnas volont\u00e4rsportalen igen. Under ett par m\u00e5nader i v\u00e5ras fanns den f\u00f6rsta m\u00f6jligheten att ans\u00f6ka om att f\u00e5 bli volont\u00e4r under vinterns&hellip;<\/p>\n","protected":false},"author":7,"featured_media":8784,"comment_status":"closed","ping_status":"closed","sticky":false,"template":"","format":"standard","meta":{"_acf_changed":false,"footnotes":""},"categories":[29],"tags":[],"class_list":["post-8786","post","type-post","status-publish","format-standard","has-post-thumbnail","hentry","category-nyheter"],"acf":[],"yoast_head":"<!-- This site is optimized with the Yoast SEO plugin v28.1 - https:\/\/yoast.com\/product\/yoast-seo-wordpress\/ -->\n<title>Ta chansen att bli en av v\u00e5ra Heroes - Falun 2027<\/title>\n<meta name=\"robots\" content=\"index, follow, max-snippet:-1, max-image-preview:large, max-video-preview:-1\" \/>\n<link rel=\"canonical\" href=\"https:\/\/falun2027.com\/sv\/ta-chansen-att-bli-en-av-vara-heroes\/\" \/>\n<meta property=\"og:locale\" content=\"sv_SE\" \/>\n<meta property=\"og:type\" content=\"article\" \/>\n<meta property=\"og:title\" content=\"Ta chansen att bli en av v\u00e5ra Heroes - Falun 2027\" \/>\n<meta property=\"og:description\" content=\"936 personer fr\u00e5n 28 olika nationer har redan ans\u00f6kt om att bli volont\u00e4rer under vinterns skid-VM i Falun. Nu har du ocks\u00e5 chansen att bli en av v\u00e5ra fantastiska Heroes &#8211; i dag \u00f6ppnas volont\u00e4rsportalen igen. Under ett par m\u00e5nader i v\u00e5ras fanns den f\u00f6rsta m\u00f6jligheten att ans\u00f6ka om att f\u00e5 bli volont\u00e4r under vinterns&hellip;\" \/>\n<meta property=\"og:url\" content=\"https:\/\/falun2027.com\/sv\/ta-chansen-att-bli-en-av-vara-heroes\/\" \/>\n<meta property=\"og:site_name\" content=\"Falun 2027\" \/>\n<meta property=\"article:published_time\" content=\"2026-09-01T06:29:50+00:00\" \/>\n<meta property=\"article:modified_time\" content=\"2026-09-01T06:31:31+00:00\" \/>\n<meta property=\"og:image\" content=\"https:\/\/falun2027.com\/wp-content\/uploads\/2026\/09\/volontar1.jpeg\" \/>\n\t<meta property=\"og:image:width\" content=\"2000\" \/>\n\t<meta property=\"og:image:height\" content=\"1333\" \/>\n\t<meta property=\"og:image:type\" content=\"image\/jpeg\" \/>\n<meta name=\"author\" content=\"Marten\" \/>\n<meta name=\"twitter:card\" content=\"summary_large_image\" \/>\n<meta name=\"twitter:label1\" content=\"Skriven av\" \/>\n\t<meta name=\"twitter:data1\" content=\"Marten\" \/>\n\t<meta name=\"twitter:label2\" content=\"Ber\u00e4knad l\u00e4stid\" \/>\n\t<meta name=\"twitter:data2\" content=\"2 minuter\" \/>\n<script type=\"application\/ld+json\" class=\"yoast-schema-graph\">{\"@context\":\"https:\\\/\\\/schema.org\",\"@graph\":[{\"@type\":\"Article\",\"@id\":\"https:\\\/\\\/falun2027.com\\\/sv\\\/ta-chansen-att-bli-en-av-vara-heroes\\\/#article\",\"isPartOf\":{\"@id\":\"https:\\\/\\\/falun2027.com\\\/sv\\\/ta-chansen-att-bli-en-av-vara-heroes\\\/\"},\"author\":{\"name\":\"Marten\",\"@id\":\"https:\\\/\\\/falun2027.com\\\/sv\\\/#\\\/schema\\\/person\\\/a71315b4144000cef06646b9d93b3ae9\"},\"headline\":\"Ta chansen att bli en av v\u00e5ra Heroes\",\"datePublished\":\"2026-09-01T06:29:50+00:00\",\"dateModified\":\"2026-09-01T06:31:31+00:00\",\"mainEntityOfPage\":{\"@id\":\"https:\\\/\\\/falun2027.com\\\/sv\\\/ta-chansen-att-bli-en-av-vara-heroes\\\/\"},\"wordCount\":301,\"image\":{\"@id\":\"https:\\\/\\\/falun2027.com\\\/sv\\\/ta-chansen-att-bli-en-av-vara-heroes\\\/#primaryimage\"},\"thumbnailUrl\":\"https:\\\/\\\/falun2027.com\\\/wp-content\\\/uploads\\\/2026\\\/09\\\/volontar1.jpeg\",\"articleSection\":[\"Nyheter\"],\"inLanguage\":\"sv-SE\"},{\"@type\":\"WebPage\",\"@id\":\"https:\\\/\\\/falun2027.com\\\/sv\\\/ta-chansen-att-bli-en-av-vara-heroes\\\/\",\"url\":\"https:\\\/\\\/falun2027.com\\\/sv\\\/ta-chansen-att-bli-en-av-vara-heroes\\\/\",\"name\":\"Ta chansen att bli en av v\u00e5ra Heroes - Falun 2027\",\"isPartOf\":{\"@id\":\"https:\\\/\\\/falun2027.com\\\/sv\\\/#website\"},\"primaryImageOfPage\":{\"@id\":\"https:\\\/\\\/falun2027.com\\\/sv\\\/ta-chansen-att-bli-en-av-vara-heroes\\\/#primaryimage\"},\"image\":{\"@id\":\"https:\\\/\\\/falun2027.com\\\/sv\\\/ta-chansen-att-bli-en-av-vara-heroes\\\/#primaryimage\"},\"thumbnailUrl\":\"https:\\\/\\\/falun2027.com\\\/wp-content\\\/uploads\\\/2026\\\/09\\\/volontar1.jpeg\",\"datePublished\":\"2026-09-01T06:29:50+00:00\",\"dateModified\":\"2026-09-01T06:31:31+00:00\",\"author\":{\"@id\":\"https:\\\/\\\/falun2027.com\\\/sv\\\/#\\\/schema\\\/person\\\/a71315b4144000cef06646b9d93b3ae9\"},\"breadcrumb\":{\"@id\":\"https:\\\/\\\/falun2027.com\\\/sv\\\/ta-chansen-att-bli-en-av-vara-heroes\\\/#breadcrumb\"},\"inLanguage\":\"sv-SE\",\"potentialAction\":[{\"@type\":\"ReadAction\",\"target\":[\"https:\\\/\\\/falun2027.com\\\/sv\\\/ta-chansen-att-bli-en-av-vara-heroes\\\/\"]}]},{\"@type\":\"ImageObject\",\"inLanguage\":\"sv-SE\",\"@id\":\"https:\\\/\\\/falun2027.com\\\/sv\\\/ta-chansen-att-bli-en-av-vara-heroes\\\/#primaryimage\",\"url\":\"https:\\\/\\\/falun2027.com\\\/wp-content\\\/uploads\\\/2026\\\/09\\\/volontar1.jpeg\",\"contentUrl\":\"https:\\\/\\\/falun2027.com\\\/wp-content\\\/uploads\\\/2026\\\/09\\\/volontar1.jpeg\",\"width\":2000,\"height\":1333},{\"@type\":\"BreadcrumbList\",\"@id\":\"https:\\\/\\\/falun2027.com\\\/sv\\\/ta-chansen-att-bli-en-av-vara-heroes\\\/#breadcrumb\",\"itemListElement\":[{\"@type\":\"ListItem\",\"position\":1,\"name\":\"Hem\",\"item\":\"https:\\\/\\\/falun2027.com\\\/sv\\\/\"},{\"@type\":\"ListItem\",\"position\":2,\"name\":\"Ta chansen att bli en av v\u00e5ra Heroes\"}]},{\"@type\":\"WebSite\",\"@id\":\"https:\\\/\\\/falun2027.com\\\/sv\\\/#website\",\"url\":\"https:\\\/\\\/falun2027.com\\\/sv\\\/\",\"name\":\"Falun 2027\",\"description\":\"Skid-VM Falun 2027\",\"potentialAction\":[{\"@type\":\"SearchAction\",\"target\":{\"@type\":\"EntryPoint\",\"urlTemplate\":\"https:\\\/\\\/falun2027.com\\\/sv\\\/?s={search_term_string}\"},\"query-input\":{\"@type\":\"PropertyValueSpecification\",\"valueRequired\":true,\"valueName\":\"search_term_string\"}}],\"inLanguage\":\"sv-SE\"},{\"@type\":\"Person\",\"@id\":\"https:\\\/\\\/falun2027.com\\\/sv\\\/#\\\/schema\\\/person\\\/a71315b4144000cef06646b9d93b3ae9\",\"name\":\"Marten\",\"image\":{\"@type\":\"ImageObject\",\"inLanguage\":\"sv-SE\",\"@id\":\"https:\\\/\\\/falun2027.com\\\/wp-content\\\/litespeed\\\/avatar\\\/9e62447a5b5f2623e5147ecd12857acf.jpg?ver=1787751678\",\"url\":\"https:\\\/\\\/falun2027.com\\\/wp-content\\\/litespeed\\\/avatar\\\/9e62447a5b5f2623e5147ecd12857acf.jpg?ver=1787751678\",\"contentUrl\":\"https:\\\/\\\/falun2027.com\\\/wp-content\\\/litespeed\\\/avatar\\\/9e62447a5b5f2623e5147ecd12857acf.jpg?ver=1787751678\",\"caption\":\"Marten\"}}]}<\/script>\n<!-- \/ Yoast SEO plugin. -->","yoast_head_json":{"title":"Ta chansen att bli en av v\u00e5ra Heroes - Falun 2027","robots":{"index":"index","follow":"follow","max-snippet":"max-snippet:-1","max-image-preview":"max-image-preview:large","max-video-preview":"max-video-preview:-1"},"canonical":"https:\/\/falun2027.com\/sv\/ta-chansen-att-bli-en-av-vara-heroes\/","og_locale":"sv_SE","og_type":"article","og_title":"Ta chansen att bli en av v\u00e5ra Heroes - Falun 2027","og_description":"936 personer fr\u00e5n 28 olika nationer har redan ans\u00f6kt om att bli volont\u00e4rer under vinterns skid-VM i Falun. Nu har du ocks\u00e5 chansen att bli en av v\u00e5ra fantastiska Heroes &#8211; i dag \u00f6ppnas volont\u00e4rsportalen igen. Under ett par m\u00e5nader i v\u00e5ras fanns den f\u00f6rsta m\u00f6jligheten att ans\u00f6ka om att f\u00e5 bli volont\u00e4r under vinterns&hellip;","og_url":"https:\/\/falun2027.com\/sv\/ta-chansen-att-bli-en-av-vara-heroes\/","og_site_name":"Falun 2027","article_published_time":"2026-09-01T06:29:50+00:00","article_modified_time":"2026-09-01T06:31:31+00:00","og_image":[{"width":2000,"height":1333,"url":"https:\/\/falun2027.com\/wp-content\/uploads\/2026\/09\/volontar1.jpeg","type":"image\/jpeg"}],"author":"Marten","twitter_card":"summary_large_image","twitter_misc":{"Skriven av":"Marten","Ber\u00e4knad l\u00e4stid":"2 minuter"},"schema":{"@context":"https:\/\/schema.org","@graph":[{"@type":"Article","@id":"https:\/\/falun2027.com\/sv\/ta-chansen-att-bli-en-av-vara-heroes\/#article","isPartOf":{"@id":"https:\/\/falun2027.com\/sv\/ta-chansen-att-bli-en-av-vara-heroes\/"},"author":{"name":"Marten","@id":"https:\/\/falun2027.com\/sv\/#\/schema\/person\/a71315b4144000cef06646b9d93b3ae9"},"headline":"Ta chansen att bli en av v\u00e5ra Heroes","datePublished":"2026-09-01T06:29:50+00:00","dateModified":"2026-09-01T06:31:31+00:00","mainEntityOfPage":{"@id":"https:\/\/falun2027.com\/sv\/ta-chansen-att-bli-en-av-vara-heroes\/"},"wordCount":301,"image":{"@id":"https:\/\/falun2027.com\/sv\/ta-chansen-att-bli-en-av-vara-heroes\/#primaryimage"},"thumbnailUrl":"https:\/\/falun2027.com\/wp-content\/uploads\/2026\/09\/volontar1.jpeg","articleSection":["Nyheter"],"inLanguage":"sv-SE"},{"@type":"WebPage","@id":"https:\/\/falun2027.com\/sv\/ta-chansen-att-bli-en-av-vara-heroes\/","url":"https:\/\/falun2027.com\/sv\/ta-chansen-att-bli-en-av-vara-heroes\/","name":"Ta chansen att bli en av v\u00e5ra Heroes - Falun 2027","isPartOf":{"@id":"https:\/\/falun2027.com\/sv\/#website"},"primaryImageOfPage":{"@id":"https:\/\/falun2027.com\/sv\/ta-chansen-att-bli-en-av-vara-heroes\/#primaryimage"},"image":{"@id":"https:\/\/falun2027.com\/sv\/ta-chansen-att-bli-en-av-vara-heroes\/#primaryimage"},"thumbnailUrl":"https:\/\/falun2027.com\/wp-content\/uploads\/2026\/09\/volontar1.jpeg","datePublished":"2026-09-01T06:29:50+00:00","dateModified":"2026-09-01T06:31:31+00:00","author":{"@id":"https:\/\/falun2027.com\/sv\/#\/schema\/person\/a71315b4144000cef06646b9d93b3ae9"},"breadcrumb":{"@id":"https:\/\/falun2027.com\/sv\/ta-chansen-att-bli-en-av-vara-heroes\/#breadcrumb"},"inLanguage":"sv-SE","potentialAction":[{"@type":"ReadAction","target":["https:\/\/falun2027.com\/sv\/ta-chansen-att-bli-en-av-vara-heroes\/"]}]},{"@type":"ImageObject","inLanguage":"sv-SE","@id":"https:\/\/falun2027.com\/sv\/ta-chansen-att-bli-en-av-vara-heroes\/#primaryimage","url":"https:\/\/falun2027.com\/wp-content\/uploads\/2026\/09\/volontar1.jpeg","contentUrl":"https:\/\/falun2027.com\/wp-content\/uploads\/2026\/09\/volontar1.jpeg","width":2000,"height":1333},{"@type":"BreadcrumbList","@id":"https:\/\/falun2027.com\/sv\/ta-chansen-att-bli-en-av-vara-heroes\/#breadcrumb","itemListElement":[{"@type":"ListItem","position":1,"name":"Hem","item":"https:\/\/falun2027.com\/sv\/"},{"@type":"ListItem","position":2,"name":"Ta chansen att bli en av v\u00e5ra Heroes"}]},{"@type":"WebSite","@id":"https:\/\/falun2027.com\/sv\/#website","url":"https:\/\/falun2027.com\/sv\/","name":"Falun 2027","description":"Skid-VM Falun 2027","potentialAction":[{"@type":"SearchAction","target":{"@type":"EntryPoint","urlTemplate":"https:\/\/falun2027.com\/sv\/?s={search_term_string}"},"query-input":{"@type":"PropertyValueSpecification","valueRequired":true,"valueName":"search_term_string"}}],"inLanguage":"sv-SE"},{"@type":"Person","@id":"https:\/\/falun2027.com\/sv\/#\/schema\/person\/a71315b4144000cef06646b9d93b3ae9","name":"Marten","image":{"@type":"ImageObject","inLanguage":"sv-SE","@id":"https:\/\/falun2027.com\/wp-content\/litespeed\/avatar\/9e62447a5b5f2623e5147ecd12857acf.jpg?ver=1787751678","url":"https:\/\/falun2027.com\/wp-content\/litespeed\/avatar\/9e62447a5b5f2623e5147ecd12857acf.jpg?ver=1787751678","contentUrl":"https:\/\/falun2027.com\/wp-content\/litespeed\/avatar\/9e62447a5b5f2623e5147ecd12857acf.jpg?ver=1787751678","caption":"Marten"}}]}},"_links":{"self":[{"href":"https:\/\/falun2027.com\/sv\/wp-json\/wp\/v2\/posts\/8786","targetHints":{"allow":["GET"]}}],"collection":[{"href":"https:\/\/falun2027.com\/sv\/wp-json\/wp\/v2\/posts"}],"about":[{"href":"https:\/\/falun2027.com\/sv\/wp-json\/wp\/v2\/types\/post"}],"author":[{"embeddable":true,"href":"https:\/\/falun2027.com\/sv\/wp-json\/wp\/v2\/users\/7"}],"replies":[{"embeddable":true,"href":"https:\/\/falun2027.com\/sv\/wp-json\/wp\/v2\/comments?post=8786"}],"version-history":[{"count":2,"href":"https:\/\/falun2027.com\/sv\/wp-json\/wp\/v2\/posts\/8786\/revisions"}],"predecessor-version":[{"id":8788,"href":"https:\/\/falun2027.com\/sv\/wp-json\/wp\/v2\/posts\/8786\/revisions\/8788"}],"wp:featuredmedia":[{"embeddable":true,"href":"https:\/\/falun2027.com\/sv\/wp-json\/wp\/v2\/media\/8784"}],"wp:attachment":[{"href":"https:\/\/falun2027.com\/sv\/wp-json\/wp\/v2\/media?parent=8786"}],"wp:term":[{"taxonomy":"category","embeddable":true,"href":"https:\/\/falun2027.com\/sv\/wp-json\/wp\/v2\/categories?post=8786"},{"taxonomy":"post_tag","embeddable":true,"href":"https:\/\/falun2027.com\/sv\/wp-json\/wp\/v2\/tags?post=8786"}],"curies":[{"name":"wp","href":"https:\/\/api.w.org\/{rel}","templated":true}]}}