{"id":8771,"date":"2026-08-31T08:30:14","date_gmt":"2026-08-31T06:30:14","guid":{"rendered":"https:\/\/falun2027.com\/?p=8771"},"modified":"2026-08-31T08:01:25","modified_gmt":"2026-08-31T06:01:25","slug":"vardefulla-dialoger-for-masterskapets-hallbarhetsarbete","status":"publish","type":"post","link":"https:\/\/falun2027.com\/sv\/vardefulla-dialoger-for-masterskapets-hallbarhetsarbete\/","title":{"rendered":"V\u00e4rdefulla dialoger f\u00f6r m\u00e4sterskapets h\u00e5llbarhetsarbete"},"content":{"rendered":"<p><strong>Under den senaste tiden har Falun 2027 arrangerat dubbla intressentdialoger.<\/strong><\/p>\n<p><strong>\u2014 Dialogerna gav v\u00e4rdefulla inspel som vi kommer att ta med oss i det operativa arbetet fram emot och under VM, s\u00e4ger Bj\u00f6rn Sandstr\u00f6m som projektleder m\u00e4sterskapets h\u00e5llbarhetsarbete.<\/strong><\/p>\n<p>Den tidigare elitskid\u00e5karen Bj\u00f6rn Sandstr\u00f6m rekryterades under v\u00e5ren som projektledare f\u00f6r Falun 2027:s h\u00e5llbarhetsarbete.<\/p>\n<p>H\u00e5llbarhetsarbetet kommer att utvecklas med ISO 20121 som v\u00e4gledande ramverk.<\/p>\n<p>Under f\u00f6rsommaren genomf\u00f6rdes en dubbel v\u00e4sentlighetsanalys d\u00e4r Falun 2027:s medarbetares fick delge tankar och \u00e5sikter g\u00e4llande h\u00e5llbarhetsarbetet och prioriteringar inom detta.<\/p>\n<p>Som uppf\u00f6ljning p\u00e5 detta genomf\u00f6rdes under f\u00f6rra veckan tv\u00e5 intressentdialoger (en digital p\u00e5 engelska och en fysisk tr\u00e4ff p\u00e5 VM-kansliet, den senare p\u00e5 svenska).<\/p>\n<p>\u2014 Deltagarna under dessa dialoger har varit representanter fr\u00e5n FIS (Internationella Skid- och snowboardf\u00f6rbundet); tidigare och kommande VM-arrang\u00f6rer, nationella skidf\u00f6rbund; aktiva inom s\u00e5v\u00e4l backhoppning, nordisk kombination och l\u00e4ngd\u00e5kning samt partners, media och allm\u00e4nheten. Alla dessa intressenter har haft m\u00f6jlighet att komma med tankar och synpunkter under dessa tr\u00e4ffar, s\u00e4ger Sandstr\u00f6m.<\/p>\n<p>Vilka reaktioner har du f\u00e5tt under de h\u00e4r tr\u00e4ffarna?<\/p>\n<p>\u2014 Feedbacken har varit positiv \u00f6ver att vi \u00e4r transparenta och att vi ger insyn i v\u00e5rt arbete. Flera av dem som medverkat p\u00e5 dessa dialoger har p\u00e5talat att detta var f\u00f6rsta g\u00e5ngen de bjudits in till den h\u00e4r typen av dialog och erfarenhetsutbyte, s\u00e4ger Sandstr\u00f6m och forts\u00e4tter:<\/p>\n<p>\u2014 Tankarna och synpunkterna har varit av olika slag. Det har exempelvis handlat om hur vi som arrang\u00f6r kan arbeta f\u00f6r att premiera bes\u00f6kare som v\u00e4ljer att \u00e5ka kollektivt hit till VM; hur vi kan skapa f\u00f6ruts\u00e4ttningar f\u00f6r att anv\u00e4nda digitala l\u00f6sningar f\u00f6r att uppmuntra till sam\u00e5kning; samt tankar om hur vi gemensamt kan utveckla ett ramverk i samarbete med v\u00e5ra partners g\u00e4llande de giveaways (presenter) som delas ut till bes\u00f6karna under m\u00e4sterskapet, s\u00e4ger Sandstr\u00f6m.<\/p>\n<p>Dessutom lyftes m\u00e4sterskapets sociala och ekonomiska h\u00e5llbarhetsaspekter:<\/p>\n<p>\u2014 En viktig del \u00e4r hur VM kan bidra till \u00f6kad r\u00f6relsegl\u00e4dje och st\u00e4rka sportens relevans i samh\u00e4llet. Skidsporten n\u00e5r i dag inte alla grupper, och flera intressenter lyfte m\u00f6jligheten att anv\u00e4nda m\u00e4sterskapet f\u00f6r att engagera en bredare publik och skapa intresse hos m\u00e4nniskor med olika bakgrunder och livsvillkor.<\/p>\n<p>Vad \u00e4r kommande steg i Falun 2027:s h\u00e5llbarhetsarbete?<\/p>\n<p>\u2014 Det handlar dels om att uppdatera v\u00e5ra policydokument utifr\u00e5n de nya inspel som vi f\u00e5tt till oss under intressentdialogerna. D\u00e4refter kommer allt v\u00e5rt fokus attl\u00e4ggas p\u00e5 operativt arbete f\u00f6r att s\u00e4kerst\u00e4lla att de delar som vi nu lyft i v\u00e5r policy ocks\u00e5 blir verklighet under m\u00e4sterskapet, s\u00e4ger Sandstr\u00f6m som under de senaste \u00e5ren haft en konsultroll \u00e4ven inom Svenska Skidf\u00f6rbundets h\u00e5llbarhetsarbete.<\/p>\n<p>\u2014 Allt fler f\u00f6rst\u00e5r vikten av att kunna genomf\u00f6ra stora arrangemang p\u00e5 ett s\u00e5 h\u00e5llbart s\u00e4tt som m\u00f6jligt. Vi p\u00e5 Falun 2027 \u00e4r ju viktiga inspirat\u00f6rer f\u00f6r r\u00f6relsegl\u00e4dje och vi blir viktiga ambassad\u00f6rer f\u00f6r att skapa f\u00f6ruts\u00e4ttningar till att idrotta och r\u00f6ra p\u00e5 sig i naturen, s\u00e4ger Sandstr\u00f6m.<\/p>\n","protected":false},"excerpt":{"rendered":"<p>Under den senaste tiden har Falun 2027 arrangerat dubbla intressentdialoger. \u2014 Dialogerna gav v\u00e4rdefulla inspel som vi kommer att ta med oss i det operativa arbetet fram emot och under VM, s\u00e4ger Bj\u00f6rn Sandstr\u00f6m som projektleder m\u00e4sterskapets h\u00e5llbarhetsarbete. Den tidigare elitskid\u00e5karen Bj\u00f6rn Sandstr\u00f6m rekryterades under v\u00e5ren som projektledare f\u00f6r Falun 2027:s h\u00e5llbarhetsarbete. H\u00e5llbarhetsarbetet kommer att&hellip;<\/p>\n","protected":false},"author":7,"featured_media":8769,"comment_status":"closed","ping_status":"closed","sticky":false,"template":"","format":"standard","meta":{"_acf_changed":false,"footnotes":""},"categories":[29],"tags":[],"class_list":["post-8771","post","type-post","status-publish","format-standard","has-post-thumbnail","hentry","category-nyheter"],"acf":[],"yoast_head":"<!-- This site is optimized with the Yoast SEO plugin v28.1 - https:\/\/yoast.com\/product\/yoast-seo-wordpress\/ -->\n<title>V\u00e4rdefulla dialoger f\u00f6r m\u00e4sterskapets h\u00e5llbarhetsarbete - Falun 2027<\/title>\n<meta name=\"robots\" content=\"index, follow, max-snippet:-1, max-image-preview:large, max-video-preview:-1\" \/>\n<link rel=\"canonical\" href=\"https:\/\/falun2027.com\/sv\/vardefulla-dialoger-for-masterskapets-hallbarhetsarbete\/\" \/>\n<meta property=\"og:locale\" content=\"sv_SE\" \/>\n<meta property=\"og:type\" content=\"article\" \/>\n<meta property=\"og:title\" content=\"V\u00e4rdefulla dialoger f\u00f6r m\u00e4sterskapets h\u00e5llbarhetsarbete - Falun 2027\" \/>\n<meta property=\"og:description\" content=\"Under den senaste tiden har Falun 2027 arrangerat dubbla intressentdialoger. \u2014 Dialogerna gav v\u00e4rdefulla inspel som vi kommer att ta med oss i det operativa arbetet fram emot och under VM, s\u00e4ger Bj\u00f6rn Sandstr\u00f6m som projektleder m\u00e4sterskapets h\u00e5llbarhetsarbete. Den tidigare elitskid\u00e5karen Bj\u00f6rn Sandstr\u00f6m rekryterades under v\u00e5ren som projektledare f\u00f6r Falun 2027:s h\u00e5llbarhetsarbete. H\u00e5llbarhetsarbetet kommer att&hellip;\" \/>\n<meta property=\"og:url\" content=\"https:\/\/falun2027.com\/sv\/vardefulla-dialoger-for-masterskapets-hallbarhetsarbete\/\" \/>\n<meta property=\"og:site_name\" content=\"Falun 2027\" \/>\n<meta property=\"article:published_time\" content=\"2026-08-31T06:30:14+00:00\" \/>\n<meta property=\"og:image\" content=\"https:\/\/falun2027.com\/wp-content\/uploads\/2026\/08\/IMG_6840-scaled.jpeg\" \/>\n\t<meta property=\"og:image:width\" content=\"2560\" \/>\n\t<meta property=\"og:image:height\" content=\"2493\" \/>\n\t<meta property=\"og:image:type\" content=\"image\/jpeg\" \/>\n<meta name=\"author\" content=\"Marten\" \/>\n<meta name=\"twitter:card\" content=\"summary_large_image\" \/>\n<meta name=\"twitter:label1\" content=\"Skriven av\" \/>\n\t<meta name=\"twitter:data1\" content=\"Marten\" \/>\n\t<meta name=\"twitter:label2\" content=\"Ber\u00e4knad l\u00e4stid\" \/>\n\t<meta name=\"twitter:data2\" content=\"3 minuter\" \/>\n<script type=\"application\/ld+json\" class=\"yoast-schema-graph\">{\"@context\":\"https:\\\/\\\/schema.org\",\"@graph\":[{\"@type\":\"Article\",\"@id\":\"https:\\\/\\\/falun2027.com\\\/sv\\\/vardefulla-dialoger-for-masterskapets-hallbarhetsarbete\\\/#article\",\"isPartOf\":{\"@id\":\"https:\\\/\\\/falun2027.com\\\/sv\\\/vardefulla-dialoger-for-masterskapets-hallbarhetsarbete\\\/\"},\"author\":{\"name\":\"Marten\",\"@id\":\"https:\\\/\\\/falun2027.com\\\/sv\\\/#\\\/schema\\\/person\\\/a71315b4144000cef06646b9d93b3ae9\"},\"headline\":\"V\u00e4rdefulla dialoger f\u00f6r m\u00e4sterskapets h\u00e5llbarhetsarbete\",\"datePublished\":\"2026-08-31T06:30:14+00:00\",\"mainEntityOfPage\":{\"@id\":\"https:\\\/\\\/falun2027.com\\\/sv\\\/vardefulla-dialoger-for-masterskapets-hallbarhetsarbete\\\/\"},\"wordCount\":572,\"image\":{\"@id\":\"https:\\\/\\\/falun2027.com\\\/sv\\\/vardefulla-dialoger-for-masterskapets-hallbarhetsarbete\\\/#primaryimage\"},\"thumbnailUrl\":\"https:\\\/\\\/falun2027.com\\\/wp-content\\\/uploads\\\/2026\\\/08\\\/IMG_6840-scaled.jpeg\",\"articleSection\":[\"Nyheter\"],\"inLanguage\":\"sv-SE\"},{\"@type\":\"WebPage\",\"@id\":\"https:\\\/\\\/falun2027.com\\\/sv\\\/vardefulla-dialoger-for-masterskapets-hallbarhetsarbete\\\/\",\"url\":\"https:\\\/\\\/falun2027.com\\\/sv\\\/vardefulla-dialoger-for-masterskapets-hallbarhetsarbete\\\/\",\"name\":\"V\u00e4rdefulla dialoger f\u00f6r m\u00e4sterskapets h\u00e5llbarhetsarbete - Falun 2027\",\"isPartOf\":{\"@id\":\"https:\\\/\\\/falun2027.com\\\/sv\\\/#website\"},\"primaryImageOfPage\":{\"@id\":\"https:\\\/\\\/falun2027.com\\\/sv\\\/vardefulla-dialoger-for-masterskapets-hallbarhetsarbete\\\/#primaryimage\"},\"image\":{\"@id\":\"https:\\\/\\\/falun2027.com\\\/sv\\\/vardefulla-dialoger-for-masterskapets-hallbarhetsarbete\\\/#primaryimage\"},\"thumbnailUrl\":\"https:\\\/\\\/falun2027.com\\\/wp-content\\\/uploads\\\/2026\\\/08\\\/IMG_6840-scaled.jpeg\",\"datePublished\":\"2026-08-31T06:30:14+00:00\",\"author\":{\"@id\":\"https:\\\/\\\/falun2027.com\\\/sv\\\/#\\\/schema\\\/person\\\/a71315b4144000cef06646b9d93b3ae9\"},\"breadcrumb\":{\"@id\":\"https:\\\/\\\/falun2027.com\\\/sv\\\/vardefulla-dialoger-for-masterskapets-hallbarhetsarbete\\\/#breadcrumb\"},\"inLanguage\":\"sv-SE\",\"potentialAction\":[{\"@type\":\"ReadAction\",\"target\":[\"https:\\\/\\\/falun2027.com\\\/sv\\\/vardefulla-dialoger-for-masterskapets-hallbarhetsarbete\\\/\"]}]},{\"@type\":\"ImageObject\",\"inLanguage\":\"sv-SE\",\"@id\":\"https:\\\/\\\/falun2027.com\\\/sv\\\/vardefulla-dialoger-for-masterskapets-hallbarhetsarbete\\\/#primaryimage\",\"url\":\"https:\\\/\\\/falun2027.com\\\/wp-content\\\/uploads\\\/2026\\\/08\\\/IMG_6840-scaled.jpeg\",\"contentUrl\":\"https:\\\/\\\/falun2027.com\\\/wp-content\\\/uploads\\\/2026\\\/08\\\/IMG_6840-scaled.jpeg\",\"width\":2560,\"height\":2493,\"caption\":\"Bj\u00f6rn Sandstr\u00f6m under en av de tv\u00e5 intressentdialogerna.\"},{\"@type\":\"BreadcrumbList\",\"@id\":\"https:\\\/\\\/falun2027.com\\\/sv\\\/vardefulla-dialoger-for-masterskapets-hallbarhetsarbete\\\/#breadcrumb\",\"itemListElement\":[{\"@type\":\"ListItem\",\"position\":1,\"name\":\"Hem\",\"item\":\"https:\\\/\\\/falun2027.com\\\/sv\\\/\"},{\"@type\":\"ListItem\",\"position\":2,\"name\":\"V\u00e4rdefulla dialoger f\u00f6r m\u00e4sterskapets h\u00e5llbarhetsarbete\"}]},{\"@type\":\"WebSite\",\"@id\":\"https:\\\/\\\/falun2027.com\\\/sv\\\/#website\",\"url\":\"https:\\\/\\\/falun2027.com\\\/sv\\\/\",\"name\":\"Falun 2027\",\"description\":\"Skid-VM Falun 2027\",\"potentialAction\":[{\"@type\":\"SearchAction\",\"target\":{\"@type\":\"EntryPoint\",\"urlTemplate\":\"https:\\\/\\\/falun2027.com\\\/sv\\\/?s={search_term_string}\"},\"query-input\":{\"@type\":\"PropertyValueSpecification\",\"valueRequired\":true,\"valueName\":\"search_term_string\"}}],\"inLanguage\":\"sv-SE\"},{\"@type\":\"Person\",\"@id\":\"https:\\\/\\\/falun2027.com\\\/sv\\\/#\\\/schema\\\/person\\\/a71315b4144000cef06646b9d93b3ae9\",\"name\":\"Marten\",\"image\":{\"@type\":\"ImageObject\",\"inLanguage\":\"sv-SE\",\"@id\":\"https:\\\/\\\/falun2027.com\\\/wp-content\\\/litespeed\\\/avatar\\\/9e62447a5b5f2623e5147ecd12857acf.jpg?ver=1787751678\",\"url\":\"https:\\\/\\\/falun2027.com\\\/wp-content\\\/litespeed\\\/avatar\\\/9e62447a5b5f2623e5147ecd12857acf.jpg?ver=1787751678\",\"contentUrl\":\"https:\\\/\\\/falun2027.com\\\/wp-content\\\/litespeed\\\/avatar\\\/9e62447a5b5f2623e5147ecd12857acf.jpg?ver=1787751678\",\"caption\":\"Marten\"}}]}<\/script>\n<!-- \/ Yoast SEO plugin. -->","yoast_head_json":{"title":"V\u00e4rdefulla dialoger f\u00f6r m\u00e4sterskapets h\u00e5llbarhetsarbete - Falun 2027","robots":{"index":"index","follow":"follow","max-snippet":"max-snippet:-1","max-image-preview":"max-image-preview:large","max-video-preview":"max-video-preview:-1"},"canonical":"https:\/\/falun2027.com\/sv\/vardefulla-dialoger-for-masterskapets-hallbarhetsarbete\/","og_locale":"sv_SE","og_type":"article","og_title":"V\u00e4rdefulla dialoger f\u00f6r m\u00e4sterskapets h\u00e5llbarhetsarbete - Falun 2027","og_description":"Under den senaste tiden har Falun 2027 arrangerat dubbla intressentdialoger. \u2014 Dialogerna gav v\u00e4rdefulla inspel som vi kommer att ta med oss i det operativa arbetet fram emot och under VM, s\u00e4ger Bj\u00f6rn Sandstr\u00f6m som projektleder m\u00e4sterskapets h\u00e5llbarhetsarbete. Den tidigare elitskid\u00e5karen Bj\u00f6rn Sandstr\u00f6m rekryterades under v\u00e5ren som projektledare f\u00f6r Falun 2027:s h\u00e5llbarhetsarbete. H\u00e5llbarhetsarbetet kommer att&hellip;","og_url":"https:\/\/falun2027.com\/sv\/vardefulla-dialoger-for-masterskapets-hallbarhetsarbete\/","og_site_name":"Falun 2027","article_published_time":"2026-08-31T06:30:14+00:00","og_image":[{"width":2560,"height":2493,"url":"https:\/\/falun2027.com\/wp-content\/uploads\/2026\/08\/IMG_6840-scaled.jpeg","type":"image\/jpeg"}],"author":"Marten","twitter_card":"summary_large_image","twitter_misc":{"Skriven av":"Marten","Ber\u00e4knad l\u00e4stid":"3 minuter"},"schema":{"@context":"https:\/\/schema.org","@graph":[{"@type":"Article","@id":"https:\/\/falun2027.com\/sv\/vardefulla-dialoger-for-masterskapets-hallbarhetsarbete\/#article","isPartOf":{"@id":"https:\/\/falun2027.com\/sv\/vardefulla-dialoger-for-masterskapets-hallbarhetsarbete\/"},"author":{"name":"Marten","@id":"https:\/\/falun2027.com\/sv\/#\/schema\/person\/a71315b4144000cef06646b9d93b3ae9"},"headline":"V\u00e4rdefulla dialoger f\u00f6r m\u00e4sterskapets h\u00e5llbarhetsarbete","datePublished":"2026-08-31T06:30:14+00:00","mainEntityOfPage":{"@id":"https:\/\/falun2027.com\/sv\/vardefulla-dialoger-for-masterskapets-hallbarhetsarbete\/"},"wordCount":572,"image":{"@id":"https:\/\/falun2027.com\/sv\/vardefulla-dialoger-for-masterskapets-hallbarhetsarbete\/#primaryimage"},"thumbnailUrl":"https:\/\/falun2027.com\/wp-content\/uploads\/2026\/08\/IMG_6840-scaled.jpeg","articleSection":["Nyheter"],"inLanguage":"sv-SE"},{"@type":"WebPage","@id":"https:\/\/falun2027.com\/sv\/vardefulla-dialoger-for-masterskapets-hallbarhetsarbete\/","url":"https:\/\/falun2027.com\/sv\/vardefulla-dialoger-for-masterskapets-hallbarhetsarbete\/","name":"V\u00e4rdefulla dialoger f\u00f6r m\u00e4sterskapets h\u00e5llbarhetsarbete - Falun 2027","isPartOf":{"@id":"https:\/\/falun2027.com\/sv\/#website"},"primaryImageOfPage":{"@id":"https:\/\/falun2027.com\/sv\/vardefulla-dialoger-for-masterskapets-hallbarhetsarbete\/#primaryimage"},"image":{"@id":"https:\/\/falun2027.com\/sv\/vardefulla-dialoger-for-masterskapets-hallbarhetsarbete\/#primaryimage"},"thumbnailUrl":"https:\/\/falun2027.com\/wp-content\/uploads\/2026\/08\/IMG_6840-scaled.jpeg","datePublished":"2026-08-31T06:30:14+00:00","author":{"@id":"https:\/\/falun2027.com\/sv\/#\/schema\/person\/a71315b4144000cef06646b9d93b3ae9"},"breadcrumb":{"@id":"https:\/\/falun2027.com\/sv\/vardefulla-dialoger-for-masterskapets-hallbarhetsarbete\/#breadcrumb"},"inLanguage":"sv-SE","potentialAction":[{"@type":"ReadAction","target":["https:\/\/falun2027.com\/sv\/vardefulla-dialoger-for-masterskapets-hallbarhetsarbete\/"]}]},{"@type":"ImageObject","inLanguage":"sv-SE","@id":"https:\/\/falun2027.com\/sv\/vardefulla-dialoger-for-masterskapets-hallbarhetsarbete\/#primaryimage","url":"https:\/\/falun2027.com\/wp-content\/uploads\/2026\/08\/IMG_6840-scaled.jpeg","contentUrl":"https:\/\/falun2027.com\/wp-content\/uploads\/2026\/08\/IMG_6840-scaled.jpeg","width":2560,"height":2493,"caption":"Bj\u00f6rn Sandstr\u00f6m under en av de tv\u00e5 intressentdialogerna."},{"@type":"BreadcrumbList","@id":"https:\/\/falun2027.com\/sv\/vardefulla-dialoger-for-masterskapets-hallbarhetsarbete\/#breadcrumb","itemListElement":[{"@type":"ListItem","position":1,"name":"Hem","item":"https:\/\/falun2027.com\/sv\/"},{"@type":"ListItem","position":2,"name":"V\u00e4rdefulla dialoger f\u00f6r m\u00e4sterskapets h\u00e5llbarhetsarbete"}]},{"@type":"WebSite","@id":"https:\/\/falun2027.com\/sv\/#website","url":"https:\/\/falun2027.com\/sv\/","name":"Falun 2027","description":"Skid-VM Falun 2027","potentialAction":[{"@type":"SearchAction","target":{"@type":"EntryPoint","urlTemplate":"https:\/\/falun2027.com\/sv\/?s={search_term_string}"},"query-input":{"@type":"PropertyValueSpecification","valueRequired":true,"valueName":"search_term_string"}}],"inLanguage":"sv-SE"},{"@type":"Person","@id":"https:\/\/falun2027.com\/sv\/#\/schema\/person\/a71315b4144000cef06646b9d93b3ae9","name":"Marten","image":{"@type":"ImageObject","inLanguage":"sv-SE","@id":"https:\/\/falun2027.com\/wp-content\/litespeed\/avatar\/9e62447a5b5f2623e5147ecd12857acf.jpg?ver=1787751678","url":"https:\/\/falun2027.com\/wp-content\/litespeed\/avatar\/9e62447a5b5f2623e5147ecd12857acf.jpg?ver=1787751678","contentUrl":"https:\/\/falun2027.com\/wp-content\/litespeed\/avatar\/9e62447a5b5f2623e5147ecd12857acf.jpg?ver=1787751678","caption":"Marten"}}]}},"_links":{"self":[{"href":"https:\/\/falun2027.com\/sv\/wp-json\/wp\/v2\/posts\/8771","targetHints":{"allow":["GET"]}}],"collection":[{"href":"https:\/\/falun2027.com\/sv\/wp-json\/wp\/v2\/posts"}],"about":[{"href":"https:\/\/falun2027.com\/sv\/wp-json\/wp\/v2\/types\/post"}],"author":[{"embeddable":true,"href":"https:\/\/falun2027.com\/sv\/wp-json\/wp\/v2\/users\/7"}],"replies":[{"embeddable":true,"href":"https:\/\/falun2027.com\/sv\/wp-json\/wp\/v2\/comments?post=8771"}],"version-history":[{"count":1,"href":"https:\/\/falun2027.com\/sv\/wp-json\/wp\/v2\/posts\/8771\/revisions"}],"predecessor-version":[{"id":8772,"href":"https:\/\/falun2027.com\/sv\/wp-json\/wp\/v2\/posts\/8771\/revisions\/8772"}],"wp:featuredmedia":[{"embeddable":true,"href":"https:\/\/falun2027.com\/sv\/wp-json\/wp\/v2\/media\/8769"}],"wp:attachment":[{"href":"https:\/\/falun2027.com\/sv\/wp-json\/wp\/v2\/media?parent=8771"}],"wp:term":[{"taxonomy":"category","embeddable":true,"href":"https:\/\/falun2027.com\/sv\/wp-json\/wp\/v2\/categories?post=8771"},{"taxonomy":"post_tag","embeddable":true,"href":"https:\/\/falun2027.com\/sv\/wp-json\/wp\/v2\/tags?post=8771"}],"curies":[{"name":"wp","href":"https:\/\/api.w.org\/{rel}","templated":true}]}}