{"id":7998,"date":"2026-04-29T13:40:43","date_gmt":"2026-04-29T11:40:43","guid":{"rendered":"https:\/\/falun2027.com\/?p=7998"},"modified":"2026-04-30T07:58:42","modified_gmt":"2026-04-30T05:58:42","slug":"nara-samarbete-dar-vi-drar-nytta-av-varandras-styrkor","status":"publish","type":"post","link":"https:\/\/falun2027.com\/sv\/nara-samarbete-dar-vi-drar-nytta-av-varandras-styrkor\/","title":{"rendered":"\u201dN\u00e4ra samarbete d\u00e4r vi drar nytta av varandras styrkor\u201d"},"content":{"rendered":"<p><strong>F\u00f6r drygt en m\u00e5nad sedan tillsattes Beyond Skiings nya styrelse.<\/strong><\/p>\n<p><strong>Susanne Martinsson \u00e4r vice ordf\u00f6rande i Beyond Skiing-styrelsen, och dessutom Falun 2027:s styrelserepresentant:<\/strong><\/p>\n<p><strong>\u2014 Jag tror mycket p\u00e5 ett n\u00e4ra och prestigel\u00f6st samarbete d\u00e4r vi drar nytta av varandras styrkor, s\u00e4ger Susanne Martinsson.<\/strong><\/p>\n<p>Beyond Skiing AB hade fram till f\u00f6r en m\u00e5nad sedan en styrelse som var speglad med Falun 2027:s styrelse. Men i slutet av mars tillsattes en ny styrelse f\u00f6r aff\u00e4rsn\u00e4tverket Beyond Skiing (<a href=\"https:\/\/www.beyondskiing.com\/sv\/news\/0324f1d2-a92e-4627-b33c-54c3f2ce0c30\">l\u00e4s mer h\u00e4r<\/a>).<\/p>\n<p>Susanne Martinsson \u00e4r \u201dtill vardags\u201d oppositionsr\u00e5d i Falu kommun och representerar Centerpartiet. Hon \u00e4r dessutom Falun 2027:s representant i Beyond Skiings nytillsatta styrelse.<\/p>\n<p><b>Hur ser du att samarbetet mellan organisationerna kan utvecklas f\u00f6r att bidra till ett framg\u00e5ngsrikt m\u00e4sterskap?<\/b><br \/>\n\u2014 Jag tror mycket p\u00e5 ett n\u00e4ra och prestigel\u00f6st samarbete d\u00e4r vi drar nytta av varandras styrkor. Beyond Skiing skapar engagemang och aff\u00e4rsrelationer i n\u00e4ringslivet, medan Falun 2027 driver sj\u00e4lva genomf\u00f6randet. Tillsammans kan vi bidra till ett m\u00e4sterskap som b\u00e5de levererar p\u00e5 h\u00f6g niv\u00e5 och samtidigt blir en riktig folkfest d\u00e4r m\u00e5nga k\u00e4nner sig delaktiga, s\u00e4ger Martinsson.<\/p>\n<p><b>Du har ju fler\u00e5rig erfarenhet som volont\u00e4r under b\u00e5de Svenska Skidspelen och v\u00e4rldscupen. P\u00e5 vilket s\u00e4tt kan du ta med dig de erfarenheterna in i ditt arbete i styrelsen? Och hur viktigt \u00e4r just volont\u00e4rperspektivet inf\u00f6r kommande m\u00e4sterskap?<\/b><br \/>\n\u2014 Volont\u00e4rerna \u00e4r hj\u00e4rtat i varje lyckat arrangemang \u2013 utan volont\u00e4rer, inget m\u00e4sterskap. Min erfarenhet som t\u00e4vlingssekreterare i samarbete med den internationella juryn har gett mig en stark f\u00f6rst\u00e5else f\u00f6r vad som kr\u00e4vs f\u00f6r att skapa engagemang, trivsel och stolthet bland alla som bidrar. Har vi n\u00f6jda volont\u00e4rer, d\u00e5 skapar vi inte bara ett bra VM \u2013 utan ocks\u00e5 en upplevelse som m\u00e4nniskor vill vara en del av och b\u00e4ra med sig l\u00e4nge, s\u00e4ger Susanne Martinsson.<\/p>\n<p><b>Hur ser du p\u00e5 Beyond Skiings roll fram till Falun 2027?<\/b><br \/>\n\u2014 Beyond Skiing har en nyckelroll i att samla n\u00e4ringslivet kring n\u00e5got som \u00e4r st\u00f6rre \u00e4n ett vanligt n\u00e4tverk. Det handlar om aff\u00e4rer, kontakter och m\u00f6jligheter \u2013 men ocks\u00e5 om att f\u00e5 vara med p\u00e5 en resa mot ett v\u00e4rldsm\u00e4sterskap p\u00e5 hemmaplan. Vi har dessutom ett otroligt sp\u00e4nnande sportsligt l\u00e4ge, d\u00e4r v\u00e5ra svenska \u00e5kare har stora chanser att ta medaljer. V\u00e5ra damer \u00e4r redan i v\u00e4rldstopp, och p\u00e5 herrsidan ser vi flera unga, lovande \u2013 inte minst lokala \u2013 \u00e5kare som \u00e4r p\u00e5 v\u00e4g fram.<\/p>\n<p><b>Vilka \u00e4r de st\u00f6rsta m\u00f6jligheterna och utmaningarna i styrelsearbetet just nu?<\/b><br \/>\n\u2014 M\u00f6jligheterna \u00e4r verkligen m\u00e5nga \u2013 vi har ett starkt intresse fr\u00e5n f\u00f6retag som vill vara med, skapa aff\u00e4rskontakter och f\u00f6lja resan mot VM p\u00e5 n\u00e4ra h\u00e5ll. M\u00e5nga drivs ocks\u00e5 av ett genuint skidintresse, vilket ger en extra dimension till n\u00e4tverket. Utmaningen ligger i att ta vara p\u00e5 den energin och omvandla den till konkreta v\u00e4rden \u00f6ver tid. Vi beh\u00f6ver ocks\u00e5 redan nu t\u00e4nka p\u00e5 hur Beyond Skiing lever vidare efter VM \u2013 f\u00f6r det h\u00e4r ska inte ta slut med sista t\u00e4vlingsdagen, utan forts\u00e4tta utvecklas.<\/p>\n","protected":false},"excerpt":{"rendered":"<p>F\u00f6r drygt en m\u00e5nad sedan tillsattes Beyond Skiings nya styrelse. Susanne Martinsson \u00e4r vice ordf\u00f6rande i Beyond Skiing-styrelsen, och dessutom Falun 2027:s styrelserepresentant: \u2014 Jag tror mycket p\u00e5 ett n\u00e4ra och prestigel\u00f6st samarbete d\u00e4r vi drar nytta av varandras styrkor, s\u00e4ger Susanne Martinsson. Beyond Skiing AB hade fram till f\u00f6r en m\u00e5nad sedan en styrelse&hellip;<\/p>\n","protected":false},"author":7,"featured_media":7999,"comment_status":"closed","ping_status":"closed","sticky":false,"template":"","format":"standard","meta":{"_acf_changed":false,"footnotes":""},"categories":[29],"tags":[],"class_list":["post-7998","post","type-post","status-publish","format-standard","has-post-thumbnail","hentry","category-nyheter"],"acf":[],"yoast_head":"<!-- This site is optimized with the Yoast SEO plugin v27.4 - https:\/\/yoast.com\/product\/yoast-seo-wordpress\/ -->\n<title>\u201dN\u00e4ra samarbete d\u00e4r vi drar nytta av varandras styrkor\u201d - Falun 2027<\/title>\n<meta name=\"robots\" content=\"index, follow, max-snippet:-1, max-image-preview:large, max-video-preview:-1\" \/>\n<link rel=\"canonical\" href=\"https:\/\/falun2027.com\/sv\/nara-samarbete-dar-vi-drar-nytta-av-varandras-styrkor\/\" \/>\n<meta property=\"og:locale\" content=\"sv_SE\" \/>\n<meta property=\"og:type\" content=\"article\" \/>\n<meta property=\"og:title\" content=\"\u201dN\u00e4ra samarbete d\u00e4r vi drar nytta av varandras styrkor\u201d - Falun 2027\" \/>\n<meta property=\"og:description\" content=\"F\u00f6r drygt en m\u00e5nad sedan tillsattes Beyond Skiings nya styrelse. Susanne Martinsson \u00e4r vice ordf\u00f6rande i Beyond Skiing-styrelsen, och dessutom Falun 2027:s styrelserepresentant: \u2014 Jag tror mycket p\u00e5 ett n\u00e4ra och prestigel\u00f6st samarbete d\u00e4r vi drar nytta av varandras styrkor, s\u00e4ger Susanne Martinsson. Beyond Skiing AB hade fram till f\u00f6r en m\u00e5nad sedan en styrelse&hellip;\" \/>\n<meta property=\"og:url\" content=\"https:\/\/falun2027.com\/sv\/nara-samarbete-dar-vi-drar-nytta-av-varandras-styrkor\/\" \/>\n<meta property=\"og:site_name\" content=\"Falun 2027\" \/>\n<meta property=\"article:published_time\" content=\"2026-04-29T11:40:43+00:00\" \/>\n<meta property=\"article:modified_time\" content=\"2026-04-30T05:58:42+00:00\" \/>\n<meta property=\"og:image\" content=\"https:\/\/falun2027.com\/wp-content\/uploads\/2026\/04\/12758BF0-D32C-445D-9E32-F7FBAA25F084-scaled.jpg\" \/>\n\t<meta property=\"og:image:width\" content=\"2560\" \/>\n\t<meta property=\"og:image:height\" content=\"2267\" \/>\n\t<meta property=\"og:image:type\" content=\"image\/jpeg\" \/>\n<meta name=\"author\" content=\"Marten\" \/>\n<meta name=\"twitter:card\" content=\"summary_large_image\" \/>\n<meta name=\"twitter:label1\" content=\"Skriven av\" \/>\n\t<meta name=\"twitter:data1\" content=\"Marten\" \/>\n\t<meta name=\"twitter:label2\" content=\"Ber\u00e4knad l\u00e4stid\" \/>\n\t<meta name=\"twitter:data2\" content=\"3 minuter\" \/>\n<script type=\"application\/ld+json\" class=\"yoast-schema-graph\">{\"@context\":\"https:\\\/\\\/schema.org\",\"@graph\":[{\"@type\":\"Article\",\"@id\":\"https:\\\/\\\/falun2027.com\\\/sv\\\/nara-samarbete-dar-vi-drar-nytta-av-varandras-styrkor\\\/#article\",\"isPartOf\":{\"@id\":\"https:\\\/\\\/falun2027.com\\\/sv\\\/nara-samarbete-dar-vi-drar-nytta-av-varandras-styrkor\\\/\"},\"author\":{\"name\":\"Marten\",\"@id\":\"https:\\\/\\\/falun2027.com\\\/sv\\\/#\\\/schema\\\/person\\\/a71315b4144000cef06646b9d93b3ae9\"},\"headline\":\"\u201dN\u00e4ra samarbete d\u00e4r vi drar nytta av varandras styrkor\u201d\",\"datePublished\":\"2026-04-29T11:40:43+00:00\",\"dateModified\":\"2026-04-30T05:58:42+00:00\",\"mainEntityOfPage\":{\"@id\":\"https:\\\/\\\/falun2027.com\\\/sv\\\/nara-samarbete-dar-vi-drar-nytta-av-varandras-styrkor\\\/\"},\"wordCount\":568,\"image\":{\"@id\":\"https:\\\/\\\/falun2027.com\\\/sv\\\/nara-samarbete-dar-vi-drar-nytta-av-varandras-styrkor\\\/#primaryimage\"},\"thumbnailUrl\":\"https:\\\/\\\/falun2027.com\\\/wp-content\\\/uploads\\\/2026\\\/04\\\/12758BF0-D32C-445D-9E32-F7FBAA25F084-scaled.jpg\",\"articleSection\":[\"Nyheter\"],\"inLanguage\":\"sv-SE\"},{\"@type\":\"WebPage\",\"@id\":\"https:\\\/\\\/falun2027.com\\\/sv\\\/nara-samarbete-dar-vi-drar-nytta-av-varandras-styrkor\\\/\",\"url\":\"https:\\\/\\\/falun2027.com\\\/sv\\\/nara-samarbete-dar-vi-drar-nytta-av-varandras-styrkor\\\/\",\"name\":\"\u201dN\u00e4ra samarbete d\u00e4r vi drar nytta av varandras styrkor\u201d - Falun 2027\",\"isPartOf\":{\"@id\":\"https:\\\/\\\/falun2027.com\\\/sv\\\/#website\"},\"primaryImageOfPage\":{\"@id\":\"https:\\\/\\\/falun2027.com\\\/sv\\\/nara-samarbete-dar-vi-drar-nytta-av-varandras-styrkor\\\/#primaryimage\"},\"image\":{\"@id\":\"https:\\\/\\\/falun2027.com\\\/sv\\\/nara-samarbete-dar-vi-drar-nytta-av-varandras-styrkor\\\/#primaryimage\"},\"thumbnailUrl\":\"https:\\\/\\\/falun2027.com\\\/wp-content\\\/uploads\\\/2026\\\/04\\\/12758BF0-D32C-445D-9E32-F7FBAA25F084-scaled.jpg\",\"datePublished\":\"2026-04-29T11:40:43+00:00\",\"dateModified\":\"2026-04-30T05:58:42+00:00\",\"author\":{\"@id\":\"https:\\\/\\\/falun2027.com\\\/sv\\\/#\\\/schema\\\/person\\\/a71315b4144000cef06646b9d93b3ae9\"},\"breadcrumb\":{\"@id\":\"https:\\\/\\\/falun2027.com\\\/sv\\\/nara-samarbete-dar-vi-drar-nytta-av-varandras-styrkor\\\/#breadcrumb\"},\"inLanguage\":\"sv-SE\",\"potentialAction\":[{\"@type\":\"ReadAction\",\"target\":[\"https:\\\/\\\/falun2027.com\\\/sv\\\/nara-samarbete-dar-vi-drar-nytta-av-varandras-styrkor\\\/\"]}]},{\"@type\":\"ImageObject\",\"inLanguage\":\"sv-SE\",\"@id\":\"https:\\\/\\\/falun2027.com\\\/sv\\\/nara-samarbete-dar-vi-drar-nytta-av-varandras-styrkor\\\/#primaryimage\",\"url\":\"https:\\\/\\\/falun2027.com\\\/wp-content\\\/uploads\\\/2026\\\/04\\\/12758BF0-D32C-445D-9E32-F7FBAA25F084-scaled.jpg\",\"contentUrl\":\"https:\\\/\\\/falun2027.com\\\/wp-content\\\/uploads\\\/2026\\\/04\\\/12758BF0-D32C-445D-9E32-F7FBAA25F084-scaled.jpg\",\"width\":2560,\"height\":2267},{\"@type\":\"BreadcrumbList\",\"@id\":\"https:\\\/\\\/falun2027.com\\\/sv\\\/nara-samarbete-dar-vi-drar-nytta-av-varandras-styrkor\\\/#breadcrumb\",\"itemListElement\":[{\"@type\":\"ListItem\",\"position\":1,\"name\":\"Hem\",\"item\":\"https:\\\/\\\/falun2027.com\\\/sv\\\/\"},{\"@type\":\"ListItem\",\"position\":2,\"name\":\"\u201dN\u00e4ra samarbete d\u00e4r vi drar nytta av varandras styrkor\u201d\"}]},{\"@type\":\"WebSite\",\"@id\":\"https:\\\/\\\/falun2027.com\\\/sv\\\/#website\",\"url\":\"https:\\\/\\\/falun2027.com\\\/sv\\\/\",\"name\":\"Falun 2027\",\"description\":\"Skid-VM Falun 2027\",\"potentialAction\":[{\"@type\":\"SearchAction\",\"target\":{\"@type\":\"EntryPoint\",\"urlTemplate\":\"https:\\\/\\\/falun2027.com\\\/sv\\\/?s={search_term_string}\"},\"query-input\":{\"@type\":\"PropertyValueSpecification\",\"valueRequired\":true,\"valueName\":\"search_term_string\"}}],\"inLanguage\":\"sv-SE\"},{\"@type\":\"Person\",\"@id\":\"https:\\\/\\\/falun2027.com\\\/sv\\\/#\\\/schema\\\/person\\\/a71315b4144000cef06646b9d93b3ae9\",\"name\":\"Marten\",\"image\":{\"@type\":\"ImageObject\",\"inLanguage\":\"sv-SE\",\"@id\":\"https:\\\/\\\/falun2027.com\\\/wp-content\\\/litespeed\\\/avatar\\\/9e62447a5b5f2623e5147ecd12857acf.jpg?ver=1777534800\",\"url\":\"https:\\\/\\\/falun2027.com\\\/wp-content\\\/litespeed\\\/avatar\\\/9e62447a5b5f2623e5147ecd12857acf.jpg?ver=1777534800\",\"contentUrl\":\"https:\\\/\\\/falun2027.com\\\/wp-content\\\/litespeed\\\/avatar\\\/9e62447a5b5f2623e5147ecd12857acf.jpg?ver=1777534800\",\"caption\":\"Marten\"}}]}<\/script>\n<!-- \/ Yoast SEO plugin. -->","yoast_head_json":{"title":"\u201dN\u00e4ra samarbete d\u00e4r vi drar nytta av varandras styrkor\u201d - Falun 2027","robots":{"index":"index","follow":"follow","max-snippet":"max-snippet:-1","max-image-preview":"max-image-preview:large","max-video-preview":"max-video-preview:-1"},"canonical":"https:\/\/falun2027.com\/sv\/nara-samarbete-dar-vi-drar-nytta-av-varandras-styrkor\/","og_locale":"sv_SE","og_type":"article","og_title":"\u201dN\u00e4ra samarbete d\u00e4r vi drar nytta av varandras styrkor\u201d - Falun 2027","og_description":"F\u00f6r drygt en m\u00e5nad sedan tillsattes Beyond Skiings nya styrelse. Susanne Martinsson \u00e4r vice ordf\u00f6rande i Beyond Skiing-styrelsen, och dessutom Falun 2027:s styrelserepresentant: \u2014 Jag tror mycket p\u00e5 ett n\u00e4ra och prestigel\u00f6st samarbete d\u00e4r vi drar nytta av varandras styrkor, s\u00e4ger Susanne Martinsson. Beyond Skiing AB hade fram till f\u00f6r en m\u00e5nad sedan en styrelse&hellip;","og_url":"https:\/\/falun2027.com\/sv\/nara-samarbete-dar-vi-drar-nytta-av-varandras-styrkor\/","og_site_name":"Falun 2027","article_published_time":"2026-04-29T11:40:43+00:00","article_modified_time":"2026-04-30T05:58:42+00:00","og_image":[{"width":2560,"height":2267,"url":"https:\/\/falun2027.com\/wp-content\/uploads\/2026\/04\/12758BF0-D32C-445D-9E32-F7FBAA25F084-scaled.jpg","type":"image\/jpeg"}],"author":"Marten","twitter_card":"summary_large_image","twitter_misc":{"Skriven av":"Marten","Ber\u00e4knad l\u00e4stid":"3 minuter"},"schema":{"@context":"https:\/\/schema.org","@graph":[{"@type":"Article","@id":"https:\/\/falun2027.com\/sv\/nara-samarbete-dar-vi-drar-nytta-av-varandras-styrkor\/#article","isPartOf":{"@id":"https:\/\/falun2027.com\/sv\/nara-samarbete-dar-vi-drar-nytta-av-varandras-styrkor\/"},"author":{"name":"Marten","@id":"https:\/\/falun2027.com\/sv\/#\/schema\/person\/a71315b4144000cef06646b9d93b3ae9"},"headline":"\u201dN\u00e4ra samarbete d\u00e4r vi drar nytta av varandras styrkor\u201d","datePublished":"2026-04-29T11:40:43+00:00","dateModified":"2026-04-30T05:58:42+00:00","mainEntityOfPage":{"@id":"https:\/\/falun2027.com\/sv\/nara-samarbete-dar-vi-drar-nytta-av-varandras-styrkor\/"},"wordCount":568,"image":{"@id":"https:\/\/falun2027.com\/sv\/nara-samarbete-dar-vi-drar-nytta-av-varandras-styrkor\/#primaryimage"},"thumbnailUrl":"https:\/\/falun2027.com\/wp-content\/uploads\/2026\/04\/12758BF0-D32C-445D-9E32-F7FBAA25F084-scaled.jpg","articleSection":["Nyheter"],"inLanguage":"sv-SE"},{"@type":"WebPage","@id":"https:\/\/falun2027.com\/sv\/nara-samarbete-dar-vi-drar-nytta-av-varandras-styrkor\/","url":"https:\/\/falun2027.com\/sv\/nara-samarbete-dar-vi-drar-nytta-av-varandras-styrkor\/","name":"\u201dN\u00e4ra samarbete d\u00e4r vi drar nytta av varandras styrkor\u201d - Falun 2027","isPartOf":{"@id":"https:\/\/falun2027.com\/sv\/#website"},"primaryImageOfPage":{"@id":"https:\/\/falun2027.com\/sv\/nara-samarbete-dar-vi-drar-nytta-av-varandras-styrkor\/#primaryimage"},"image":{"@id":"https:\/\/falun2027.com\/sv\/nara-samarbete-dar-vi-drar-nytta-av-varandras-styrkor\/#primaryimage"},"thumbnailUrl":"https:\/\/falun2027.com\/wp-content\/uploads\/2026\/04\/12758BF0-D32C-445D-9E32-F7FBAA25F084-scaled.jpg","datePublished":"2026-04-29T11:40:43+00:00","dateModified":"2026-04-30T05:58:42+00:00","author":{"@id":"https:\/\/falun2027.com\/sv\/#\/schema\/person\/a71315b4144000cef06646b9d93b3ae9"},"breadcrumb":{"@id":"https:\/\/falun2027.com\/sv\/nara-samarbete-dar-vi-drar-nytta-av-varandras-styrkor\/#breadcrumb"},"inLanguage":"sv-SE","potentialAction":[{"@type":"ReadAction","target":["https:\/\/falun2027.com\/sv\/nara-samarbete-dar-vi-drar-nytta-av-varandras-styrkor\/"]}]},{"@type":"ImageObject","inLanguage":"sv-SE","@id":"https:\/\/falun2027.com\/sv\/nara-samarbete-dar-vi-drar-nytta-av-varandras-styrkor\/#primaryimage","url":"https:\/\/falun2027.com\/wp-content\/uploads\/2026\/04\/12758BF0-D32C-445D-9E32-F7FBAA25F084-scaled.jpg","contentUrl":"https:\/\/falun2027.com\/wp-content\/uploads\/2026\/04\/12758BF0-D32C-445D-9E32-F7FBAA25F084-scaled.jpg","width":2560,"height":2267},{"@type":"BreadcrumbList","@id":"https:\/\/falun2027.com\/sv\/nara-samarbete-dar-vi-drar-nytta-av-varandras-styrkor\/#breadcrumb","itemListElement":[{"@type":"ListItem","position":1,"name":"Hem","item":"https:\/\/falun2027.com\/sv\/"},{"@type":"ListItem","position":2,"name":"\u201dN\u00e4ra samarbete d\u00e4r vi drar nytta av varandras styrkor\u201d"}]},{"@type":"WebSite","@id":"https:\/\/falun2027.com\/sv\/#website","url":"https:\/\/falun2027.com\/sv\/","name":"Falun 2027","description":"Skid-VM Falun 2027","potentialAction":[{"@type":"SearchAction","target":{"@type":"EntryPoint","urlTemplate":"https:\/\/falun2027.com\/sv\/?s={search_term_string}"},"query-input":{"@type":"PropertyValueSpecification","valueRequired":true,"valueName":"search_term_string"}}],"inLanguage":"sv-SE"},{"@type":"Person","@id":"https:\/\/falun2027.com\/sv\/#\/schema\/person\/a71315b4144000cef06646b9d93b3ae9","name":"Marten","image":{"@type":"ImageObject","inLanguage":"sv-SE","@id":"https:\/\/falun2027.com\/wp-content\/litespeed\/avatar\/9e62447a5b5f2623e5147ecd12857acf.jpg?ver=1777534800","url":"https:\/\/falun2027.com\/wp-content\/litespeed\/avatar\/9e62447a5b5f2623e5147ecd12857acf.jpg?ver=1777534800","contentUrl":"https:\/\/falun2027.com\/wp-content\/litespeed\/avatar\/9e62447a5b5f2623e5147ecd12857acf.jpg?ver=1777534800","caption":"Marten"}}]}},"_links":{"self":[{"href":"https:\/\/falun2027.com\/sv\/wp-json\/wp\/v2\/posts\/7998","targetHints":{"allow":["GET"]}}],"collection":[{"href":"https:\/\/falun2027.com\/sv\/wp-json\/wp\/v2\/posts"}],"about":[{"href":"https:\/\/falun2027.com\/sv\/wp-json\/wp\/v2\/types\/post"}],"author":[{"embeddable":true,"href":"https:\/\/falun2027.com\/sv\/wp-json\/wp\/v2\/users\/7"}],"replies":[{"embeddable":true,"href":"https:\/\/falun2027.com\/sv\/wp-json\/wp\/v2\/comments?post=7998"}],"version-history":[{"count":2,"href":"https:\/\/falun2027.com\/sv\/wp-json\/wp\/v2\/posts\/7998\/revisions"}],"predecessor-version":[{"id":8005,"href":"https:\/\/falun2027.com\/sv\/wp-json\/wp\/v2\/posts\/7998\/revisions\/8005"}],"wp:featuredmedia":[{"embeddable":true,"href":"https:\/\/falun2027.com\/sv\/wp-json\/wp\/v2\/media\/7999"}],"wp:attachment":[{"href":"https:\/\/falun2027.com\/sv\/wp-json\/wp\/v2\/media?parent=7998"}],"wp:term":[{"taxonomy":"category","embeddable":true,"href":"https:\/\/falun2027.com\/sv\/wp-json\/wp\/v2\/categories?post=7998"},{"taxonomy":"post_tag","embeddable":true,"href":"https:\/\/falun2027.com\/sv\/wp-json\/wp\/v2\/tags?post=7998"}],"curies":[{"name":"wp","href":"https:\/\/api.w.org\/{rel}","templated":true}]}}