{"id":7986,"date":"2026-04-27T12:03:37","date_gmt":"2026-04-27T10:03:37","guid":{"rendered":"https:\/\/falun2027.com\/?p=7986"},"modified":"2026-04-27T12:03:37","modified_gmt":"2026-04-27T10:03:37","slug":"nu-har-berguvsungarna-klackts-i-falun","status":"publish","type":"post","link":"https:\/\/falun2027.com\/sv\/nu-har-berguvsungarna-klackts-i-falun\/","title":{"rendered":"Nu har berguvsungarna kl\u00e4ckts i Falun"},"content":{"rendered":"<p><strong>I helgen b\u00f6rjade de \u00e4ntligen kl\u00e4ckas &#8211; berguvsungarna.<\/strong><\/p>\n<p><strong>Detta i deras hem p\u00e5 en klippv\u00e4gg i Stora St\u00f6ten i Falu gruva.<\/strong><\/p>\n<p><strong>\u2014 Det \u00e4r v\u00e4ldigt unikt att det sker just h\u00e4r. Detta lockar f\u00e5gelintresserade fr\u00e5n hela Europa, s\u00e4ger naturfotografen Hansa Andersson.<\/strong><\/p>\n<p>Dalarnas landskapsdjur \u00e4r Europas st\u00f6rsta uggla, berguven. Den \u00e4r 59-73 centimeter l\u00e5ng och vingspannet kan vara upp till 170 centimeter. Berguven (p\u00e5 latin Bubo Bubo) har under m\u00e5nga \u00e5r varit r\u00f6dlistad i Artdatabanken. Enligt 2025 \u00e5rs r\u00f6dlistebed\u00f6mning \u00e4r berguvens status just nu \u201dS\u00e5rbar\u201d.<\/p>\n<p>Men den g\u00e5ngna helgen b\u00f6rjade berguvsungarna kl\u00e4ckas. Detta till det berguvspar som h\u00e4ckat i Stora St\u00f6ten vid Falu gruva.<\/p>\n<p>\u2014 Detta \u00e4r en perfekt plats f\u00f6r berguvar, s\u00e4ger naturfotografen Hansa Andersson. och pekar p\u00e5 den lilla l\u00e5da d\u00e4r \u00e4ggen kl\u00e4cktes den g\u00e5ngna helgen:<\/p>\n<p>\u2014 Berguvar gillar, vilket namnet indikerar, bergiga milj\u00f6er. Platsen d\u00e4r honan nu ruvat \u00e4r perfekt d\u00e5 de f\u00e5r vara i fred fr\u00e5n b\u00e5de m\u00e4nniskor och djur som exempelvis r\u00e4var. Under de kommande m\u00e5naderna ska ungarna de f\u00f6rst l\u00e4ra sig flyga och senare skaffa sin egen mat, vilket sker under m\u00f6rkertid d\u00e5 de \u00e4r otroligt skickliga nattj\u00e4gare. I augusti eller september f\u00e5r de l\u00e4mna boet och sina f\u00f6r\u00e4ldrar, s\u00e4ger Hansa Andersson.<\/p>\n<p>Att det f\u00f6ds nya berguvsindivider just i Falu gruva \u00e4r ovanligt. Senast det skedde var f\u00f6r tre \u00e5r sedan.<span class=\"Apple-converted-space\">\u00a0<\/span><\/p>\n<p>Ett annat berguvspar, Bubo och Bubolina, laddar just nu f\u00f6r ett annat uppdrag.<span class=\"Apple-converted-space\">\u00a0<\/span><\/p>\n<p>Maskoten Bubo skapades till VM 1993 av designern Owe Sandstr\u00f6m och tecknaren Anita Stray. Bubo gjorde comeback till VM 2015 d\u00e5 han var r\u00f6rligare och skulle dansa, g\u00f6ra high-five och dansa och leka med barnen, detta till skillnad mot 1993 d\u00e5 Bubo var mer en sagofigur.<\/p>\n<p>Nu laddar allts\u00e5 Bubo f\u00f6r att g\u00f6ra sitt tredje VM som maskot, denna g\u00e5ng tillsammans med sin partner Bubolina:<\/p>\n<p>\u2014<span class=\"Apple-converted-space\">\u00a0 <\/span>Bubo och Bubolina \u00e4r inte bara kloka som en bok utan representerar dessutom nyfikenhet, v\u00e4rme och trygghet, s\u00e4ger Lisa Johansson, marknadschef f\u00f6r Falun 2027.<\/p>\n<p><em>Arkivfoto: Hansa Andersson<\/em><\/p>\n","protected":false},"excerpt":{"rendered":"<p>I helgen b\u00f6rjade de \u00e4ntligen kl\u00e4ckas &#8211; berguvsungarna. Detta i deras hem p\u00e5 en klippv\u00e4gg i Stora St\u00f6ten i Falu gruva. \u2014 Det \u00e4r v\u00e4ldigt unikt att det sker just h\u00e4r. Detta lockar f\u00e5gelintresserade fr\u00e5n hela Europa, s\u00e4ger naturfotografen Hansa Andersson. Dalarnas landskapsdjur \u00e4r Europas st\u00f6rsta uggla, berguven. Den \u00e4r 59-73 centimeter l\u00e5ng och vingspannet&hellip;<\/p>\n","protected":false},"author":7,"featured_media":7993,"comment_status":"closed","ping_status":"closed","sticky":false,"template":"","format":"standard","meta":{"_acf_changed":false,"footnotes":""},"categories":[16],"tags":[],"class_list":["post-7986","post","type-post","status-publish","format-standard","has-post-thumbnail","hentry","category-okategoriserad"],"acf":[],"yoast_head":"<!-- This site is optimized with the Yoast SEO plugin v27.4 - https:\/\/yoast.com\/product\/yoast-seo-wordpress\/ -->\n<title>Nu har berguvsungarna kl\u00e4ckts i Falun - Falun 2027<\/title>\n<meta name=\"robots\" content=\"index, follow, max-snippet:-1, max-image-preview:large, max-video-preview:-1\" \/>\n<link rel=\"canonical\" href=\"https:\/\/falun2027.com\/sv\/nu-har-berguvsungarna-klackts-i-falun\/\" \/>\n<meta property=\"og:locale\" content=\"sv_SE\" \/>\n<meta property=\"og:type\" content=\"article\" \/>\n<meta property=\"og:title\" content=\"Nu har berguvsungarna kl\u00e4ckts i Falun - Falun 2027\" \/>\n<meta property=\"og:description\" content=\"I helgen b\u00f6rjade de \u00e4ntligen kl\u00e4ckas &#8211; berguvsungarna. Detta i deras hem p\u00e5 en klippv\u00e4gg i Stora St\u00f6ten i Falu gruva. \u2014 Det \u00e4r v\u00e4ldigt unikt att det sker just h\u00e4r. Detta lockar f\u00e5gelintresserade fr\u00e5n hela Europa, s\u00e4ger naturfotografen Hansa Andersson. Dalarnas landskapsdjur \u00e4r Europas st\u00f6rsta uggla, berguven. Den \u00e4r 59-73 centimeter l\u00e5ng och vingspannet&hellip;\" \/>\n<meta property=\"og:url\" content=\"https:\/\/falun2027.com\/sv\/nu-har-berguvsungarna-klackts-i-falun\/\" \/>\n<meta property=\"og:site_name\" content=\"Falun 2027\" \/>\n<meta property=\"article:published_time\" content=\"2026-04-27T10:03:37+00:00\" \/>\n<meta property=\"og:image\" content=\"https:\/\/falun2027.com\/wp-content\/uploads\/2026\/04\/mini_bubos.jpg\" \/>\n\t<meta property=\"og:image:width\" content=\"2000\" \/>\n\t<meta property=\"og:image:height\" content=\"1600\" \/>\n\t<meta property=\"og:image:type\" content=\"image\/jpeg\" \/>\n<meta name=\"author\" content=\"Marten\" \/>\n<meta name=\"twitter:card\" content=\"summary_large_image\" \/>\n<meta name=\"twitter:label1\" content=\"Skriven av\" \/>\n\t<meta name=\"twitter:data1\" content=\"Marten\" \/>\n\t<meta name=\"twitter:label2\" content=\"Ber\u00e4knad l\u00e4stid\" \/>\n\t<meta name=\"twitter:data2\" content=\"2 minuter\" \/>\n<script type=\"application\/ld+json\" class=\"yoast-schema-graph\">{\"@context\":\"https:\\\/\\\/schema.org\",\"@graph\":[{\"@type\":\"Article\",\"@id\":\"https:\\\/\\\/falun2027.com\\\/sv\\\/nu-har-berguvsungarna-klackts-i-falun\\\/#article\",\"isPartOf\":{\"@id\":\"https:\\\/\\\/falun2027.com\\\/sv\\\/nu-har-berguvsungarna-klackts-i-falun\\\/\"},\"author\":{\"name\":\"Marten\",\"@id\":\"https:\\\/\\\/falun2027.com\\\/sv\\\/#\\\/schema\\\/person\\\/a71315b4144000cef06646b9d93b3ae9\"},\"headline\":\"Nu har berguvsungarna kl\u00e4ckts i Falun\",\"datePublished\":\"2026-04-27T10:03:37+00:00\",\"mainEntityOfPage\":{\"@id\":\"https:\\\/\\\/falun2027.com\\\/sv\\\/nu-har-berguvsungarna-klackts-i-falun\\\/\"},\"wordCount\":375,\"image\":{\"@id\":\"https:\\\/\\\/falun2027.com\\\/sv\\\/nu-har-berguvsungarna-klackts-i-falun\\\/#primaryimage\"},\"thumbnailUrl\":\"https:\\\/\\\/falun2027.com\\\/wp-content\\\/uploads\\\/2026\\\/04\\\/mini_bubos.jpg\",\"articleSection\":[\"Okategoriserad\"],\"inLanguage\":\"sv-SE\"},{\"@type\":\"WebPage\",\"@id\":\"https:\\\/\\\/falun2027.com\\\/sv\\\/nu-har-berguvsungarna-klackts-i-falun\\\/\",\"url\":\"https:\\\/\\\/falun2027.com\\\/sv\\\/nu-har-berguvsungarna-klackts-i-falun\\\/\",\"name\":\"Nu har berguvsungarna kl\u00e4ckts i Falun - Falun 2027\",\"isPartOf\":{\"@id\":\"https:\\\/\\\/falun2027.com\\\/sv\\\/#website\"},\"primaryImageOfPage\":{\"@id\":\"https:\\\/\\\/falun2027.com\\\/sv\\\/nu-har-berguvsungarna-klackts-i-falun\\\/#primaryimage\"},\"image\":{\"@id\":\"https:\\\/\\\/falun2027.com\\\/sv\\\/nu-har-berguvsungarna-klackts-i-falun\\\/#primaryimage\"},\"thumbnailUrl\":\"https:\\\/\\\/falun2027.com\\\/wp-content\\\/uploads\\\/2026\\\/04\\\/mini_bubos.jpg\",\"datePublished\":\"2026-04-27T10:03:37+00:00\",\"author\":{\"@id\":\"https:\\\/\\\/falun2027.com\\\/sv\\\/#\\\/schema\\\/person\\\/a71315b4144000cef06646b9d93b3ae9\"},\"breadcrumb\":{\"@id\":\"https:\\\/\\\/falun2027.com\\\/sv\\\/nu-har-berguvsungarna-klackts-i-falun\\\/#breadcrumb\"},\"inLanguage\":\"sv-SE\",\"potentialAction\":[{\"@type\":\"ReadAction\",\"target\":[\"https:\\\/\\\/falun2027.com\\\/sv\\\/nu-har-berguvsungarna-klackts-i-falun\\\/\"]}]},{\"@type\":\"ImageObject\",\"inLanguage\":\"sv-SE\",\"@id\":\"https:\\\/\\\/falun2027.com\\\/sv\\\/nu-har-berguvsungarna-klackts-i-falun\\\/#primaryimage\",\"url\":\"https:\\\/\\\/falun2027.com\\\/wp-content\\\/uploads\\\/2026\\\/04\\\/mini_bubos.jpg\",\"contentUrl\":\"https:\\\/\\\/falun2027.com\\\/wp-content\\\/uploads\\\/2026\\\/04\\\/mini_bubos.jpg\",\"width\":2000,\"height\":1600},{\"@type\":\"BreadcrumbList\",\"@id\":\"https:\\\/\\\/falun2027.com\\\/sv\\\/nu-har-berguvsungarna-klackts-i-falun\\\/#breadcrumb\",\"itemListElement\":[{\"@type\":\"ListItem\",\"position\":1,\"name\":\"Hem\",\"item\":\"https:\\\/\\\/falun2027.com\\\/sv\\\/\"},{\"@type\":\"ListItem\",\"position\":2,\"name\":\"Nu har berguvsungarna kl\u00e4ckts i Falun\"}]},{\"@type\":\"WebSite\",\"@id\":\"https:\\\/\\\/falun2027.com\\\/sv\\\/#website\",\"url\":\"https:\\\/\\\/falun2027.com\\\/sv\\\/\",\"name\":\"Falun 2027\",\"description\":\"Skid-VM Falun 2027\",\"potentialAction\":[{\"@type\":\"SearchAction\",\"target\":{\"@type\":\"EntryPoint\",\"urlTemplate\":\"https:\\\/\\\/falun2027.com\\\/sv\\\/?s={search_term_string}\"},\"query-input\":{\"@type\":\"PropertyValueSpecification\",\"valueRequired\":true,\"valueName\":\"search_term_string\"}}],\"inLanguage\":\"sv-SE\"},{\"@type\":\"Person\",\"@id\":\"https:\\\/\\\/falun2027.com\\\/sv\\\/#\\\/schema\\\/person\\\/a71315b4144000cef06646b9d93b3ae9\",\"name\":\"Marten\",\"image\":{\"@type\":\"ImageObject\",\"inLanguage\":\"sv-SE\",\"@id\":\"https:\\\/\\\/falun2027.com\\\/wp-content\\\/litespeed\\\/avatar\\\/9e62447a5b5f2623e5147ecd12857acf.jpg?ver=1776855945\",\"url\":\"https:\\\/\\\/falun2027.com\\\/wp-content\\\/litespeed\\\/avatar\\\/9e62447a5b5f2623e5147ecd12857acf.jpg?ver=1776855945\",\"contentUrl\":\"https:\\\/\\\/falun2027.com\\\/wp-content\\\/litespeed\\\/avatar\\\/9e62447a5b5f2623e5147ecd12857acf.jpg?ver=1776855945\",\"caption\":\"Marten\"}}]}<\/script>\n<!-- \/ Yoast SEO plugin. -->","yoast_head_json":{"title":"Nu har berguvsungarna kl\u00e4ckts i Falun - Falun 2027","robots":{"index":"index","follow":"follow","max-snippet":"max-snippet:-1","max-image-preview":"max-image-preview:large","max-video-preview":"max-video-preview:-1"},"canonical":"https:\/\/falun2027.com\/sv\/nu-har-berguvsungarna-klackts-i-falun\/","og_locale":"sv_SE","og_type":"article","og_title":"Nu har berguvsungarna kl\u00e4ckts i Falun - Falun 2027","og_description":"I helgen b\u00f6rjade de \u00e4ntligen kl\u00e4ckas &#8211; berguvsungarna. Detta i deras hem p\u00e5 en klippv\u00e4gg i Stora St\u00f6ten i Falu gruva. \u2014 Det \u00e4r v\u00e4ldigt unikt att det sker just h\u00e4r. Detta lockar f\u00e5gelintresserade fr\u00e5n hela Europa, s\u00e4ger naturfotografen Hansa Andersson. Dalarnas landskapsdjur \u00e4r Europas st\u00f6rsta uggla, berguven. Den \u00e4r 59-73 centimeter l\u00e5ng och vingspannet&hellip;","og_url":"https:\/\/falun2027.com\/sv\/nu-har-berguvsungarna-klackts-i-falun\/","og_site_name":"Falun 2027","article_published_time":"2026-04-27T10:03:37+00:00","og_image":[{"width":2000,"height":1600,"url":"https:\/\/falun2027.com\/wp-content\/uploads\/2026\/04\/mini_bubos.jpg","type":"image\/jpeg"}],"author":"Marten","twitter_card":"summary_large_image","twitter_misc":{"Skriven av":"Marten","Ber\u00e4knad l\u00e4stid":"2 minuter"},"schema":{"@context":"https:\/\/schema.org","@graph":[{"@type":"Article","@id":"https:\/\/falun2027.com\/sv\/nu-har-berguvsungarna-klackts-i-falun\/#article","isPartOf":{"@id":"https:\/\/falun2027.com\/sv\/nu-har-berguvsungarna-klackts-i-falun\/"},"author":{"name":"Marten","@id":"https:\/\/falun2027.com\/sv\/#\/schema\/person\/a71315b4144000cef06646b9d93b3ae9"},"headline":"Nu har berguvsungarna kl\u00e4ckts i Falun","datePublished":"2026-04-27T10:03:37+00:00","mainEntityOfPage":{"@id":"https:\/\/falun2027.com\/sv\/nu-har-berguvsungarna-klackts-i-falun\/"},"wordCount":375,"image":{"@id":"https:\/\/falun2027.com\/sv\/nu-har-berguvsungarna-klackts-i-falun\/#primaryimage"},"thumbnailUrl":"https:\/\/falun2027.com\/wp-content\/uploads\/2026\/04\/mini_bubos.jpg","articleSection":["Okategoriserad"],"inLanguage":"sv-SE"},{"@type":"WebPage","@id":"https:\/\/falun2027.com\/sv\/nu-har-berguvsungarna-klackts-i-falun\/","url":"https:\/\/falun2027.com\/sv\/nu-har-berguvsungarna-klackts-i-falun\/","name":"Nu har berguvsungarna kl\u00e4ckts i Falun - Falun 2027","isPartOf":{"@id":"https:\/\/falun2027.com\/sv\/#website"},"primaryImageOfPage":{"@id":"https:\/\/falun2027.com\/sv\/nu-har-berguvsungarna-klackts-i-falun\/#primaryimage"},"image":{"@id":"https:\/\/falun2027.com\/sv\/nu-har-berguvsungarna-klackts-i-falun\/#primaryimage"},"thumbnailUrl":"https:\/\/falun2027.com\/wp-content\/uploads\/2026\/04\/mini_bubos.jpg","datePublished":"2026-04-27T10:03:37+00:00","author":{"@id":"https:\/\/falun2027.com\/sv\/#\/schema\/person\/a71315b4144000cef06646b9d93b3ae9"},"breadcrumb":{"@id":"https:\/\/falun2027.com\/sv\/nu-har-berguvsungarna-klackts-i-falun\/#breadcrumb"},"inLanguage":"sv-SE","potentialAction":[{"@type":"ReadAction","target":["https:\/\/falun2027.com\/sv\/nu-har-berguvsungarna-klackts-i-falun\/"]}]},{"@type":"ImageObject","inLanguage":"sv-SE","@id":"https:\/\/falun2027.com\/sv\/nu-har-berguvsungarna-klackts-i-falun\/#primaryimage","url":"https:\/\/falun2027.com\/wp-content\/uploads\/2026\/04\/mini_bubos.jpg","contentUrl":"https:\/\/falun2027.com\/wp-content\/uploads\/2026\/04\/mini_bubos.jpg","width":2000,"height":1600},{"@type":"BreadcrumbList","@id":"https:\/\/falun2027.com\/sv\/nu-har-berguvsungarna-klackts-i-falun\/#breadcrumb","itemListElement":[{"@type":"ListItem","position":1,"name":"Hem","item":"https:\/\/falun2027.com\/sv\/"},{"@type":"ListItem","position":2,"name":"Nu har berguvsungarna kl\u00e4ckts i Falun"}]},{"@type":"WebSite","@id":"https:\/\/falun2027.com\/sv\/#website","url":"https:\/\/falun2027.com\/sv\/","name":"Falun 2027","description":"Skid-VM Falun 2027","potentialAction":[{"@type":"SearchAction","target":{"@type":"EntryPoint","urlTemplate":"https:\/\/falun2027.com\/sv\/?s={search_term_string}"},"query-input":{"@type":"PropertyValueSpecification","valueRequired":true,"valueName":"search_term_string"}}],"inLanguage":"sv-SE"},{"@type":"Person","@id":"https:\/\/falun2027.com\/sv\/#\/schema\/person\/a71315b4144000cef06646b9d93b3ae9","name":"Marten","image":{"@type":"ImageObject","inLanguage":"sv-SE","@id":"https:\/\/falun2027.com\/wp-content\/litespeed\/avatar\/9e62447a5b5f2623e5147ecd12857acf.jpg?ver=1776855945","url":"https:\/\/falun2027.com\/wp-content\/litespeed\/avatar\/9e62447a5b5f2623e5147ecd12857acf.jpg?ver=1776855945","contentUrl":"https:\/\/falun2027.com\/wp-content\/litespeed\/avatar\/9e62447a5b5f2623e5147ecd12857acf.jpg?ver=1776855945","caption":"Marten"}}]}},"_links":{"self":[{"href":"https:\/\/falun2027.com\/sv\/wp-json\/wp\/v2\/posts\/7986","targetHints":{"allow":["GET"]}}],"collection":[{"href":"https:\/\/falun2027.com\/sv\/wp-json\/wp\/v2\/posts"}],"about":[{"href":"https:\/\/falun2027.com\/sv\/wp-json\/wp\/v2\/types\/post"}],"author":[{"embeddable":true,"href":"https:\/\/falun2027.com\/sv\/wp-json\/wp\/v2\/users\/7"}],"replies":[{"embeddable":true,"href":"https:\/\/falun2027.com\/sv\/wp-json\/wp\/v2\/comments?post=7986"}],"version-history":[{"count":3,"href":"https:\/\/falun2027.com\/sv\/wp-json\/wp\/v2\/posts\/7986\/revisions"}],"predecessor-version":[{"id":7996,"href":"https:\/\/falun2027.com\/sv\/wp-json\/wp\/v2\/posts\/7986\/revisions\/7996"}],"wp:featuredmedia":[{"embeddable":true,"href":"https:\/\/falun2027.com\/sv\/wp-json\/wp\/v2\/media\/7993"}],"wp:attachment":[{"href":"https:\/\/falun2027.com\/sv\/wp-json\/wp\/v2\/media?parent=7986"}],"wp:term":[{"taxonomy":"category","embeddable":true,"href":"https:\/\/falun2027.com\/sv\/wp-json\/wp\/v2\/categories?post=7986"},{"taxonomy":"post_tag","embeddable":true,"href":"https:\/\/falun2027.com\/sv\/wp-json\/wp\/v2\/tags?post=7986"}],"curies":[{"name":"wp","href":"https:\/\/api.w.org\/{rel}","templated":true}]}}