{"id":7909,"date":"2026-04-08T14:29:17","date_gmt":"2026-04-08T12:29:17","guid":{"rendered":"https:\/\/falun2027.com\/?p=7909"},"modified":"2026-04-08T14:29:17","modified_gmt":"2026-04-08T12:29:17","slug":"alla-pa-sno-lockar-framtidens-stjarnor","status":"publish","type":"post","link":"https:\/\/falun2027.com\/sv\/alla-pa-sno-lockar-framtidens-stjarnor\/","title":{"rendered":"Alla p\u00e5 sn\u00f6 lockar framtidens stj\u00e4rnor"},"content":{"rendered":"<p>Framtidens skidstj\u00e4rnor fanns p\u00e5 plats p\u00e5 den kommande VM-arenan. Detta som en del i projektet Alla p\u00e5 sn\u00f6.<\/p>\n<p>\u2014 Det roligaste var att \u00e5ka i nedf\u00f6rsbacken, sl\u00e5r fj\u00e4rdeklassarna Nike och Nikki fr\u00e5n Fr\u00e4mbyskolans \u00e5rskurs 4 fast.<\/p>\n<p>I m\u00e5nadsskiftet februari-mars var v\u00e4rldens vassaste l\u00e4ngd\u00e5kare p\u00e5 plats p\u00e5 Lugnet f\u00f6r att g\u00f6ra upp i v\u00e4rldscupen.<\/p>\n<p>Mindre \u00e4n en m\u00e5nad senare var det storfr\u00e4mmande p\u00e5 Riksskidstadion \u00e4nnu en g\u00e5ng. Detta n\u00e4r det var dags f\u00f6r Alla p\u00e5 sn\u00f6, d\u00e4r ett stort antal elever fr\u00e5n Faluns grundskolor fick m\u00f6jligheten att testa p\u00e5 att \u00e5ka l\u00e4ngd\u00e5kning.<\/p>\n<p>Alla p\u00e5 sn\u00f6 startade som ett pilotprojekt i Norrk\u00f6ping 2009 d\u00e5 elever i \u00e5rskurs 4 fick m\u00f6jlighet att prova alpint, snowboard och l\u00e4ngd\u00e5kning p\u00e5 en skidanl\u00e4ggning under en skoldag. Detta blev en succ\u00e9 och nu har \u00f6ver 250 000 barn deltagit i Alla p\u00e5 sn\u00f6. Projektet initierades av Svenska Skidr\u00e5det, en stiftelse som vill bidra till att \u00f6ka intresset f\u00f6r vinteraktiviteter p\u00e5 sn\u00f6.<\/p>\n<p>Nu drivs Alla p\u00e5 sn\u00f6 vidare som ordinarie verksamhet inom Svenska Skidf\u00f6rbundet tillsammans med deltagande kommuner, skid- och snowboardf\u00f6reningar, distrikt, skolor samt vintersportanl\u00e4ggningar.<\/p>\n<p>Och f\u00f6ruts\u00e4ttningarna n\u00e4r Alla p\u00e5 sn\u00f6 arrangerades i Falun var alldeles lysande. En str\u00e5lande v\u00e5rsol och upp emot tv\u00e5siffrigt antal plusgrader.<\/p>\n<p><img loading=\"lazy\" decoding=\"async\" class=\"alignnone size-medium wp-image-7907\" src=\"https:\/\/falun2027.com\/wp-content\/uploads\/2026\/04\/DSC_7793_web-300x200.jpg\" alt=\"\" width=\"300\" height=\"200\" srcset=\"https:\/\/falun2027.com\/wp-content\/uploads\/2026\/04\/DSC_7793_web-300x200.jpg 300w, https:\/\/falun2027.com\/wp-content\/uploads\/2026\/04\/DSC_7793_web-1024x682.jpg 1024w, https:\/\/falun2027.com\/wp-content\/uploads\/2026\/04\/DSC_7793_web-768x512.jpg 768w, https:\/\/falun2027.com\/wp-content\/uploads\/2026\/04\/DSC_7793_web-1536x1024.jpg 1536w, https:\/\/falun2027.com\/wp-content\/uploads\/2026\/04\/DSC_7793_web.jpg 2000w\" sizes=\"auto, (max-width: 300px) 100vw, 300px\" \/><\/p>\n<p>Susanna Lennqvist \u00e4r klassl\u00e4rare i \u00e5rskurs 4 p\u00e5 Fr\u00e4mbyskolan i Falun, som \u00e4r en av de klasser som tog sig an de l\u00e4ngd\u00e5kningsm\u00e4ssiga utmaningarna:<\/p>\n<p>\u2014 Vi har flera elever som tr\u00e4nar och t\u00e4vlar i l\u00e4ngd\u00e5kning. Men vi har ocks\u00e5 flera som inte alls \u00e4r lika vana. Men detta \u00e4r perfekt att l\u00e4ngd\u00e5kningen blir tillg\u00e4nglig f\u00f6r alla elever, inte minst med tanke p\u00e5 att utrustning finns att l\u00e5na f\u00f6r de som inte har egna skidor eller stavar, s\u00e4ger Lennqvist.<\/p>\n<p>Hur mycket pratar ni i klassen om att det blir VM h\u00e4r i Falun om mindre \u00e4n ett \u00e5r?<\/p>\n<p>\u2014 Det \u00e4r n\u00e5got vi har diskuterat flitigt. Vi kommer ju precis fr\u00e5n en \u201duppv\u00e4rmning med OS\u201d, men klart att det \u00e4r riktigt h\u00e4ftigt med VM i Falun.<\/p>\n<p>Det \u00e4r elever p\u00e5 barn- och fritidsprogrammet p\u00e5 Lugnetgymnasiet som \u00e4r l\u00e4rare och ledare f\u00f6r de skidm\u00e4ssiga delarna av Alla p\u00e5 sn\u00f6.<\/p>\n<p>\u2014 Detta \u00e4r tredje dagen som vi \u00e4r h\u00e4r och k\u00f6r grupper med barn fr\u00e5n grundskolorna i Falun. Och det \u00e4r en v\u00e4ldig blandning med n\u00e5gra barn som st\u00e5r p\u00e5 skidor f\u00f6r f\u00f6rsta g\u00e5ngen, medan andra \u00e4r v\u00e4ldigt vana skid\u00e5kare. Under sitt pass f\u00e5r barnen testa p\u00e5 olika stationer. Mest popul\u00e4rt \u00e4r nog den h\u00e4r d\u00e4r de f\u00e5r l\u00e4ra sig att \u00e5ka utf\u00f6r och att ramla, s\u00e4ger en av instrukt\u00f6rerna n\u00e4r gruppen s\u00e4tter av mot utf\u00f6rsk\u00f6rningen.<\/p>\n<p>Och att just att \u00e5ka utf\u00f6r \u00e4r popul\u00e4rt kan b\u00e5de Nikki och Nike fr\u00e5n Fr\u00e4mbyskolan intyga:<\/p>\n<p>\u2014 Detta var lite sv\u00e5rt men v\u00e4ldigt kul, s\u00e4ger Nikki.<\/p>\n<p>\u2014 Jag \u00e5ker mest slalom annars, men jag \u00e5ker l\u00e4ngd\u00e5kning ibland n\u00e4r mamma tar med mig. Det brukar bli lagom l\u00e5ngt. Vad jag tycker \u00e4r roligast? Att \u00e5ka utf\u00f6r s\u00e5klart, s\u00e4ger Nike.<\/p>\n","protected":false},"excerpt":{"rendered":"<p>Framtidens skidstj\u00e4rnor fanns p\u00e5 plats p\u00e5 den kommande VM-arenan. Detta som en del i projektet Alla p\u00e5 sn\u00f6. \u2014 Det roligaste var att \u00e5ka i nedf\u00f6rsbacken, sl\u00e5r fj\u00e4rdeklassarna Nike och Nikki fr\u00e5n Fr\u00e4mbyskolans \u00e5rskurs 4 fast. I m\u00e5nadsskiftet februari-mars var v\u00e4rldens vassaste l\u00e4ngd\u00e5kare p\u00e5 plats p\u00e5 Lugnet f\u00f6r att g\u00f6ra upp i v\u00e4rldscupen. Mindre \u00e4n&hellip;<\/p>\n","protected":false},"author":7,"featured_media":7905,"comment_status":"closed","ping_status":"closed","sticky":false,"template":"","format":"standard","meta":{"_acf_changed":false,"footnotes":""},"categories":[29],"tags":[],"class_list":["post-7909","post","type-post","status-publish","format-standard","has-post-thumbnail","hentry","category-nyheter"],"acf":[],"yoast_head":"<!-- This site is optimized with the Yoast SEO plugin v27.4 - https:\/\/yoast.com\/product\/yoast-seo-wordpress\/ -->\n<title>Alla p\u00e5 sn\u00f6 lockar framtidens stj\u00e4rnor - Falun 2027<\/title>\n<meta name=\"robots\" content=\"index, follow, max-snippet:-1, max-image-preview:large, max-video-preview:-1\" \/>\n<link rel=\"canonical\" href=\"https:\/\/falun2027.com\/sv\/alla-pa-sno-lockar-framtidens-stjarnor\/\" \/>\n<meta property=\"og:locale\" content=\"sv_SE\" \/>\n<meta property=\"og:type\" content=\"article\" \/>\n<meta property=\"og:title\" content=\"Alla p\u00e5 sn\u00f6 lockar framtidens stj\u00e4rnor - Falun 2027\" \/>\n<meta property=\"og:description\" content=\"Framtidens skidstj\u00e4rnor fanns p\u00e5 plats p\u00e5 den kommande VM-arenan. Detta som en del i projektet Alla p\u00e5 sn\u00f6. \u2014 Det roligaste var att \u00e5ka i nedf\u00f6rsbacken, sl\u00e5r fj\u00e4rdeklassarna Nike och Nikki fr\u00e5n Fr\u00e4mbyskolans \u00e5rskurs 4 fast. I m\u00e5nadsskiftet februari-mars var v\u00e4rldens vassaste l\u00e4ngd\u00e5kare p\u00e5 plats p\u00e5 Lugnet f\u00f6r att g\u00f6ra upp i v\u00e4rldscupen. Mindre \u00e4n&hellip;\" \/>\n<meta property=\"og:url\" content=\"https:\/\/falun2027.com\/sv\/alla-pa-sno-lockar-framtidens-stjarnor\/\" \/>\n<meta property=\"og:site_name\" content=\"Falun 2027\" \/>\n<meta property=\"article:published_time\" content=\"2026-04-08T12:29:17+00:00\" \/>\n<meta property=\"og:image\" content=\"https:\/\/falun2027.com\/wp-content\/uploads\/2026\/04\/DSC_7769_web.jpg\" \/>\n\t<meta property=\"og:image:width\" content=\"2000\" \/>\n\t<meta property=\"og:image:height\" content=\"1333\" \/>\n\t<meta property=\"og:image:type\" content=\"image\/jpeg\" \/>\n<meta name=\"author\" content=\"Marten\" \/>\n<meta name=\"twitter:card\" content=\"summary_large_image\" \/>\n<meta name=\"twitter:label1\" content=\"Skriven av\" \/>\n\t<meta name=\"twitter:data1\" content=\"Marten\" \/>\n\t<meta name=\"twitter:label2\" content=\"Ber\u00e4knad l\u00e4stid\" \/>\n\t<meta name=\"twitter:data2\" content=\"3 minuter\" \/>\n<script type=\"application\/ld+json\" class=\"yoast-schema-graph\">{\"@context\":\"https:\\\/\\\/schema.org\",\"@graph\":[{\"@type\":\"Article\",\"@id\":\"https:\\\/\\\/falun2027.com\\\/sv\\\/alla-pa-sno-lockar-framtidens-stjarnor\\\/#article\",\"isPartOf\":{\"@id\":\"https:\\\/\\\/falun2027.com\\\/sv\\\/alla-pa-sno-lockar-framtidens-stjarnor\\\/\"},\"author\":{\"name\":\"Marten\",\"@id\":\"https:\\\/\\\/falun2027.com\\\/sv\\\/#\\\/schema\\\/person\\\/a71315b4144000cef06646b9d93b3ae9\"},\"headline\":\"Alla p\u00e5 sn\u00f6 lockar framtidens stj\u00e4rnor\",\"datePublished\":\"2026-04-08T12:29:17+00:00\",\"mainEntityOfPage\":{\"@id\":\"https:\\\/\\\/falun2027.com\\\/sv\\\/alla-pa-sno-lockar-framtidens-stjarnor\\\/\"},\"wordCount\":576,\"image\":{\"@id\":\"https:\\\/\\\/falun2027.com\\\/sv\\\/alla-pa-sno-lockar-framtidens-stjarnor\\\/#primaryimage\"},\"thumbnailUrl\":\"https:\\\/\\\/falun2027.com\\\/wp-content\\\/uploads\\\/2026\\\/04\\\/DSC_7769_web.jpg\",\"articleSection\":[\"Nyheter\"],\"inLanguage\":\"sv-SE\"},{\"@type\":\"WebPage\",\"@id\":\"https:\\\/\\\/falun2027.com\\\/sv\\\/alla-pa-sno-lockar-framtidens-stjarnor\\\/\",\"url\":\"https:\\\/\\\/falun2027.com\\\/sv\\\/alla-pa-sno-lockar-framtidens-stjarnor\\\/\",\"name\":\"Alla p\u00e5 sn\u00f6 lockar framtidens stj\u00e4rnor - Falun 2027\",\"isPartOf\":{\"@id\":\"https:\\\/\\\/falun2027.com\\\/sv\\\/#website\"},\"primaryImageOfPage\":{\"@id\":\"https:\\\/\\\/falun2027.com\\\/sv\\\/alla-pa-sno-lockar-framtidens-stjarnor\\\/#primaryimage\"},\"image\":{\"@id\":\"https:\\\/\\\/falun2027.com\\\/sv\\\/alla-pa-sno-lockar-framtidens-stjarnor\\\/#primaryimage\"},\"thumbnailUrl\":\"https:\\\/\\\/falun2027.com\\\/wp-content\\\/uploads\\\/2026\\\/04\\\/DSC_7769_web.jpg\",\"datePublished\":\"2026-04-08T12:29:17+00:00\",\"author\":{\"@id\":\"https:\\\/\\\/falun2027.com\\\/sv\\\/#\\\/schema\\\/person\\\/a71315b4144000cef06646b9d93b3ae9\"},\"breadcrumb\":{\"@id\":\"https:\\\/\\\/falun2027.com\\\/sv\\\/alla-pa-sno-lockar-framtidens-stjarnor\\\/#breadcrumb\"},\"inLanguage\":\"sv-SE\",\"potentialAction\":[{\"@type\":\"ReadAction\",\"target\":[\"https:\\\/\\\/falun2027.com\\\/sv\\\/alla-pa-sno-lockar-framtidens-stjarnor\\\/\"]}]},{\"@type\":\"ImageObject\",\"inLanguage\":\"sv-SE\",\"@id\":\"https:\\\/\\\/falun2027.com\\\/sv\\\/alla-pa-sno-lockar-framtidens-stjarnor\\\/#primaryimage\",\"url\":\"https:\\\/\\\/falun2027.com\\\/wp-content\\\/uploads\\\/2026\\\/04\\\/DSC_7769_web.jpg\",\"contentUrl\":\"https:\\\/\\\/falun2027.com\\\/wp-content\\\/uploads\\\/2026\\\/04\\\/DSC_7769_web.jpg\",\"width\":2000,\"height\":1333},{\"@type\":\"BreadcrumbList\",\"@id\":\"https:\\\/\\\/falun2027.com\\\/sv\\\/alla-pa-sno-lockar-framtidens-stjarnor\\\/#breadcrumb\",\"itemListElement\":[{\"@type\":\"ListItem\",\"position\":1,\"name\":\"Hem\",\"item\":\"https:\\\/\\\/falun2027.com\\\/sv\\\/\"},{\"@type\":\"ListItem\",\"position\":2,\"name\":\"Alla p\u00e5 sn\u00f6 lockar framtidens stj\u00e4rnor\"}]},{\"@type\":\"WebSite\",\"@id\":\"https:\\\/\\\/falun2027.com\\\/sv\\\/#website\",\"url\":\"https:\\\/\\\/falun2027.com\\\/sv\\\/\",\"name\":\"Falun 2027\",\"description\":\"Skid-VM Falun 2027\",\"potentialAction\":[{\"@type\":\"SearchAction\",\"target\":{\"@type\":\"EntryPoint\",\"urlTemplate\":\"https:\\\/\\\/falun2027.com\\\/sv\\\/?s={search_term_string}\"},\"query-input\":{\"@type\":\"PropertyValueSpecification\",\"valueRequired\":true,\"valueName\":\"search_term_string\"}}],\"inLanguage\":\"sv-SE\"},{\"@type\":\"Person\",\"@id\":\"https:\\\/\\\/falun2027.com\\\/sv\\\/#\\\/schema\\\/person\\\/a71315b4144000cef06646b9d93b3ae9\",\"name\":\"Marten\",\"image\":{\"@type\":\"ImageObject\",\"inLanguage\":\"sv-SE\",\"@id\":\"https:\\\/\\\/falun2027.com\\\/wp-content\\\/litespeed\\\/avatar\\\/9e62447a5b5f2623e5147ecd12857acf.jpg?ver=1777534800\",\"url\":\"https:\\\/\\\/falun2027.com\\\/wp-content\\\/litespeed\\\/avatar\\\/9e62447a5b5f2623e5147ecd12857acf.jpg?ver=1777534800\",\"contentUrl\":\"https:\\\/\\\/falun2027.com\\\/wp-content\\\/litespeed\\\/avatar\\\/9e62447a5b5f2623e5147ecd12857acf.jpg?ver=1777534800\",\"caption\":\"Marten\"}}]}<\/script>\n<!-- \/ Yoast SEO plugin. -->","yoast_head_json":{"title":"Alla p\u00e5 sn\u00f6 lockar framtidens stj\u00e4rnor - Falun 2027","robots":{"index":"index","follow":"follow","max-snippet":"max-snippet:-1","max-image-preview":"max-image-preview:large","max-video-preview":"max-video-preview:-1"},"canonical":"https:\/\/falun2027.com\/sv\/alla-pa-sno-lockar-framtidens-stjarnor\/","og_locale":"sv_SE","og_type":"article","og_title":"Alla p\u00e5 sn\u00f6 lockar framtidens stj\u00e4rnor - Falun 2027","og_description":"Framtidens skidstj\u00e4rnor fanns p\u00e5 plats p\u00e5 den kommande VM-arenan. Detta som en del i projektet Alla p\u00e5 sn\u00f6. \u2014 Det roligaste var att \u00e5ka i nedf\u00f6rsbacken, sl\u00e5r fj\u00e4rdeklassarna Nike och Nikki fr\u00e5n Fr\u00e4mbyskolans \u00e5rskurs 4 fast. I m\u00e5nadsskiftet februari-mars var v\u00e4rldens vassaste l\u00e4ngd\u00e5kare p\u00e5 plats p\u00e5 Lugnet f\u00f6r att g\u00f6ra upp i v\u00e4rldscupen. Mindre \u00e4n&hellip;","og_url":"https:\/\/falun2027.com\/sv\/alla-pa-sno-lockar-framtidens-stjarnor\/","og_site_name":"Falun 2027","article_published_time":"2026-04-08T12:29:17+00:00","og_image":[{"width":2000,"height":1333,"url":"https:\/\/falun2027.com\/wp-content\/uploads\/2026\/04\/DSC_7769_web.jpg","type":"image\/jpeg"}],"author":"Marten","twitter_card":"summary_large_image","twitter_misc":{"Skriven av":"Marten","Ber\u00e4knad l\u00e4stid":"3 minuter"},"schema":{"@context":"https:\/\/schema.org","@graph":[{"@type":"Article","@id":"https:\/\/falun2027.com\/sv\/alla-pa-sno-lockar-framtidens-stjarnor\/#article","isPartOf":{"@id":"https:\/\/falun2027.com\/sv\/alla-pa-sno-lockar-framtidens-stjarnor\/"},"author":{"name":"Marten","@id":"https:\/\/falun2027.com\/sv\/#\/schema\/person\/a71315b4144000cef06646b9d93b3ae9"},"headline":"Alla p\u00e5 sn\u00f6 lockar framtidens stj\u00e4rnor","datePublished":"2026-04-08T12:29:17+00:00","mainEntityOfPage":{"@id":"https:\/\/falun2027.com\/sv\/alla-pa-sno-lockar-framtidens-stjarnor\/"},"wordCount":576,"image":{"@id":"https:\/\/falun2027.com\/sv\/alla-pa-sno-lockar-framtidens-stjarnor\/#primaryimage"},"thumbnailUrl":"https:\/\/falun2027.com\/wp-content\/uploads\/2026\/04\/DSC_7769_web.jpg","articleSection":["Nyheter"],"inLanguage":"sv-SE"},{"@type":"WebPage","@id":"https:\/\/falun2027.com\/sv\/alla-pa-sno-lockar-framtidens-stjarnor\/","url":"https:\/\/falun2027.com\/sv\/alla-pa-sno-lockar-framtidens-stjarnor\/","name":"Alla p\u00e5 sn\u00f6 lockar framtidens stj\u00e4rnor - Falun 2027","isPartOf":{"@id":"https:\/\/falun2027.com\/sv\/#website"},"primaryImageOfPage":{"@id":"https:\/\/falun2027.com\/sv\/alla-pa-sno-lockar-framtidens-stjarnor\/#primaryimage"},"image":{"@id":"https:\/\/falun2027.com\/sv\/alla-pa-sno-lockar-framtidens-stjarnor\/#primaryimage"},"thumbnailUrl":"https:\/\/falun2027.com\/wp-content\/uploads\/2026\/04\/DSC_7769_web.jpg","datePublished":"2026-04-08T12:29:17+00:00","author":{"@id":"https:\/\/falun2027.com\/sv\/#\/schema\/person\/a71315b4144000cef06646b9d93b3ae9"},"breadcrumb":{"@id":"https:\/\/falun2027.com\/sv\/alla-pa-sno-lockar-framtidens-stjarnor\/#breadcrumb"},"inLanguage":"sv-SE","potentialAction":[{"@type":"ReadAction","target":["https:\/\/falun2027.com\/sv\/alla-pa-sno-lockar-framtidens-stjarnor\/"]}]},{"@type":"ImageObject","inLanguage":"sv-SE","@id":"https:\/\/falun2027.com\/sv\/alla-pa-sno-lockar-framtidens-stjarnor\/#primaryimage","url":"https:\/\/falun2027.com\/wp-content\/uploads\/2026\/04\/DSC_7769_web.jpg","contentUrl":"https:\/\/falun2027.com\/wp-content\/uploads\/2026\/04\/DSC_7769_web.jpg","width":2000,"height":1333},{"@type":"BreadcrumbList","@id":"https:\/\/falun2027.com\/sv\/alla-pa-sno-lockar-framtidens-stjarnor\/#breadcrumb","itemListElement":[{"@type":"ListItem","position":1,"name":"Hem","item":"https:\/\/falun2027.com\/sv\/"},{"@type":"ListItem","position":2,"name":"Alla p\u00e5 sn\u00f6 lockar framtidens stj\u00e4rnor"}]},{"@type":"WebSite","@id":"https:\/\/falun2027.com\/sv\/#website","url":"https:\/\/falun2027.com\/sv\/","name":"Falun 2027","description":"Skid-VM Falun 2027","potentialAction":[{"@type":"SearchAction","target":{"@type":"EntryPoint","urlTemplate":"https:\/\/falun2027.com\/sv\/?s={search_term_string}"},"query-input":{"@type":"PropertyValueSpecification","valueRequired":true,"valueName":"search_term_string"}}],"inLanguage":"sv-SE"},{"@type":"Person","@id":"https:\/\/falun2027.com\/sv\/#\/schema\/person\/a71315b4144000cef06646b9d93b3ae9","name":"Marten","image":{"@type":"ImageObject","inLanguage":"sv-SE","@id":"https:\/\/falun2027.com\/wp-content\/litespeed\/avatar\/9e62447a5b5f2623e5147ecd12857acf.jpg?ver=1777534800","url":"https:\/\/falun2027.com\/wp-content\/litespeed\/avatar\/9e62447a5b5f2623e5147ecd12857acf.jpg?ver=1777534800","contentUrl":"https:\/\/falun2027.com\/wp-content\/litespeed\/avatar\/9e62447a5b5f2623e5147ecd12857acf.jpg?ver=1777534800","caption":"Marten"}}]}},"_links":{"self":[{"href":"https:\/\/falun2027.com\/sv\/wp-json\/wp\/v2\/posts\/7909","targetHints":{"allow":["GET"]}}],"collection":[{"href":"https:\/\/falun2027.com\/sv\/wp-json\/wp\/v2\/posts"}],"about":[{"href":"https:\/\/falun2027.com\/sv\/wp-json\/wp\/v2\/types\/post"}],"author":[{"embeddable":true,"href":"https:\/\/falun2027.com\/sv\/wp-json\/wp\/v2\/users\/7"}],"replies":[{"embeddable":true,"href":"https:\/\/falun2027.com\/sv\/wp-json\/wp\/v2\/comments?post=7909"}],"version-history":[{"count":1,"href":"https:\/\/falun2027.com\/sv\/wp-json\/wp\/v2\/posts\/7909\/revisions"}],"predecessor-version":[{"id":7910,"href":"https:\/\/falun2027.com\/sv\/wp-json\/wp\/v2\/posts\/7909\/revisions\/7910"}],"wp:featuredmedia":[{"embeddable":true,"href":"https:\/\/falun2027.com\/sv\/wp-json\/wp\/v2\/media\/7905"}],"wp:attachment":[{"href":"https:\/\/falun2027.com\/sv\/wp-json\/wp\/v2\/media?parent=7909"}],"wp:term":[{"taxonomy":"category","embeddable":true,"href":"https:\/\/falun2027.com\/sv\/wp-json\/wp\/v2\/categories?post=7909"},{"taxonomy":"post_tag","embeddable":true,"href":"https:\/\/falun2027.com\/sv\/wp-json\/wp\/v2\/tags?post=7909"}],"curies":[{"name":"wp","href":"https:\/\/api.w.org\/{rel}","templated":true}]}}