{"id":6409,"date":"2025-11-28T11:31:30","date_gmt":"2025-11-28T09:31:30","guid":{"rendered":"https:\/\/falun2027.com\/?p=6409"},"modified":"2025-11-28T11:31:30","modified_gmt":"2025-11-28T09:31:30","slug":"varldscupen-for-damer-tar-plats-i-falun-frida-westman-forvantansfull","status":"publish","type":"post","link":"https:\/\/falun2027.com\/sv\/varldscupen-for-damer-tar-plats-i-falun-frida-westman-forvantansfull\/","title":{"rendered":"V\u00e4rldscupen f\u00f6r damer tar plats i Falun \u2013 Frida Westman f\u00f6rv\u00e4ntansfull"},"content":{"rendered":"<p style=\"font-weight: 400;\">V\u00e4rldscupveckan i backhoppning forts\u00e4tter i Falun \u2013 och nu riktas str\u00e5lkastarljuset mot damerna. F\u00f6r f\u00f6rsta g\u00e5ngen n\u00e5gonsin ska v\u00e4rldens b\u00e4sta kvinnliga backhoppare t\u00e4vla i stora backen i Falun. Det \u00e4r en historisk helg som v\u00e4ntar p\u00e5 Lugnet n\u00e4r v\u00e4rldscupen g\u00f6r ett efterl\u00e4ngtat stopp i Sverige.<br \/>\nBland de t\u00e4vlande finns svenska stj\u00e4rnan Frida Westman, som efter f\u00f6rra helgens premi\u00e4r i Norge ligger p\u00e5 en stark 11:e plats i den totala v\u00e4rldscupen. Hon ser med stor f\u00f6rv\u00e4ntan fram emot t\u00e4vlingarna p\u00e5 hemmaplan:<br \/>\n\u2013 Jag ser j\u00e4ttemycket fram emot att f\u00e5 hoppa i Falun. Jag hoppas att det blir tryck i backen, h\u00f6g musik och att publiken lever om och hejar p\u00e5 mig, s\u00e4ger Frida Westman.<br \/>\nDet svenska hemmapubliken f\u00e5r d\u00e4rmed chansen att uppleva ett historiskt \u00f6gonblick n\u00e4r damerna f\u00f6r f\u00f6rsta g\u00e5ngen st\u00e4ller upp i v\u00e4rldscupt\u00e4vlingar i den stora backen i Falun.<\/p>\n<p style=\"font-weight: 400;\">P\u00e5 grund av den aktuella v\u00e4derprognosen har FIS och den lokala organisationskommitt\u00e9n beslutat att \u00e4ndra i t\u00e4vlingsschemat.<\/p>\n<p style=\"font-weight: 400;\">VIESSMANN FIS Ski Jumping World Cup Women genomf\u00f6rs enligt f\u00f6ljande:<br \/>\n28.11.2025: Normalbacke<br \/>\n29.11.2025: Stora backen (kval)<br \/>\n30.11.2025: Stora backen (t\u00e4vling)<\/p>\n<p style=\"font-weight: 400;\">Fredagens t\u00e4vling i normalbacken inleds med kval klockan 11 och t\u00e4vlingsomg\u00e5ngen startar 15.45.<\/p>\n<p style=\"font-weight: 400;\">Mer information finns p\u00e5\u00a0<a href=\"https:\/\/falun2027.com\/sv\/tavlingar\/varldscup-backhoppning\/\">V\u00e4rldscup backhoppning<\/a><\/p>\n","protected":false},"excerpt":{"rendered":"<p>V\u00e4rldscupveckan i backhoppning forts\u00e4tter i Falun \u2013 och nu riktas str\u00e5lkastarljuset mot damerna. F\u00f6r f\u00f6rsta g\u00e5ngen n\u00e5gonsin ska v\u00e4rldens b\u00e4sta kvinnliga backhoppare t\u00e4vla i stora backen i Falun. Det \u00e4r en historisk helg som v\u00e4ntar p\u00e5 Lugnet n\u00e4r v\u00e4rldscupen g\u00f6r ett efterl\u00e4ngtat stopp i Sverige. Bland de t\u00e4vlande finns svenska stj\u00e4rnan Frida Westman, som efter&hellip;<\/p>\n","protected":false},"author":4,"featured_media":5598,"comment_status":"closed","ping_status":"closed","sticky":false,"template":"","format":"standard","meta":{"_acf_changed":false,"footnotes":""},"categories":[29],"tags":[],"class_list":["post-6409","post","type-post","status-publish","format-standard","has-post-thumbnail","hentry","category-nyheter"],"acf":[],"yoast_head":"<!-- This site is optimized with the Yoast SEO plugin v27.4 - https:\/\/yoast.com\/product\/yoast-seo-wordpress\/ -->\n<title>V\u00e4rldscupen f\u00f6r damer tar plats i Falun \u2013 Frida Westman f\u00f6rv\u00e4ntansfull - Falun 2027<\/title>\n<meta name=\"robots\" content=\"index, follow, max-snippet:-1, max-image-preview:large, max-video-preview:-1\" \/>\n<link rel=\"canonical\" href=\"https:\/\/falun2027.com\/sv\/varldscupen-for-damer-tar-plats-i-falun-frida-westman-forvantansfull\/\" \/>\n<meta property=\"og:locale\" content=\"sv_SE\" \/>\n<meta property=\"og:type\" content=\"article\" \/>\n<meta property=\"og:title\" content=\"V\u00e4rldscupen f\u00f6r damer tar plats i Falun \u2013 Frida Westman f\u00f6rv\u00e4ntansfull - Falun 2027\" \/>\n<meta property=\"og:description\" content=\"V\u00e4rldscupveckan i backhoppning forts\u00e4tter i Falun \u2013 och nu riktas str\u00e5lkastarljuset mot damerna. F\u00f6r f\u00f6rsta g\u00e5ngen n\u00e5gonsin ska v\u00e4rldens b\u00e4sta kvinnliga backhoppare t\u00e4vla i stora backen i Falun. Det \u00e4r en historisk helg som v\u00e4ntar p\u00e5 Lugnet n\u00e4r v\u00e4rldscupen g\u00f6r ett efterl\u00e4ngtat stopp i Sverige. Bland de t\u00e4vlande finns svenska stj\u00e4rnan Frida Westman, som efter&hellip;\" \/>\n<meta property=\"og:url\" content=\"https:\/\/falun2027.com\/sv\/varldscupen-for-damer-tar-plats-i-falun-frida-westman-forvantansfull\/\" \/>\n<meta property=\"og:site_name\" content=\"Falun 2027\" \/>\n<meta property=\"article:published_time\" content=\"2025-11-28T09:31:30+00:00\" \/>\n<meta property=\"og:image\" content=\"https:\/\/falun2027.com\/wp-content\/uploads\/2025\/10\/fridaw.jpeg\" \/>\n\t<meta property=\"og:image:width\" content=\"1620\" \/>\n\t<meta property=\"og:image:height\" content=\"1080\" \/>\n\t<meta property=\"og:image:type\" content=\"image\/jpeg\" \/>\n<meta name=\"author\" content=\"Ulrika Back\" \/>\n<meta name=\"twitter:card\" content=\"summary_large_image\" \/>\n<meta name=\"twitter:label1\" content=\"Skriven av\" \/>\n\t<meta name=\"twitter:data1\" content=\"Ulrika Back\" \/>\n\t<meta name=\"twitter:label2\" content=\"Ber\u00e4knad l\u00e4stid\" \/>\n\t<meta name=\"twitter:data2\" content=\"2 minuter\" \/>\n<script type=\"application\/ld+json\" class=\"yoast-schema-graph\">{\"@context\":\"https:\\\/\\\/schema.org\",\"@graph\":[{\"@type\":\"Article\",\"@id\":\"https:\\\/\\\/falun2027.com\\\/sv\\\/varldscupen-for-damer-tar-plats-i-falun-frida-westman-forvantansfull\\\/#article\",\"isPartOf\":{\"@id\":\"https:\\\/\\\/falun2027.com\\\/sv\\\/varldscupen-for-damer-tar-plats-i-falun-frida-westman-forvantansfull\\\/\"},\"author\":{\"name\":\"Ulrika Back\",\"@id\":\"https:\\\/\\\/falun2027.com\\\/sv\\\/#\\\/schema\\\/person\\\/aefdfd3d417443b23fec38909ae83025\"},\"headline\":\"V\u00e4rldscupen f\u00f6r damer tar plats i Falun \u2013 Frida Westman f\u00f6rv\u00e4ntansfull\",\"datePublished\":\"2025-11-28T09:31:30+00:00\",\"mainEntityOfPage\":{\"@id\":\"https:\\\/\\\/falun2027.com\\\/sv\\\/varldscupen-for-damer-tar-plats-i-falun-frida-westman-forvantansfull\\\/\"},\"wordCount\":247,\"image\":{\"@id\":\"https:\\\/\\\/falun2027.com\\\/sv\\\/varldscupen-for-damer-tar-plats-i-falun-frida-westman-forvantansfull\\\/#primaryimage\"},\"thumbnailUrl\":\"https:\\\/\\\/falun2027.com\\\/wp-content\\\/uploads\\\/2025\\\/10\\\/fridaw.jpeg\",\"articleSection\":[\"Nyheter\"],\"inLanguage\":\"sv-SE\"},{\"@type\":\"WebPage\",\"@id\":\"https:\\\/\\\/falun2027.com\\\/sv\\\/varldscupen-for-damer-tar-plats-i-falun-frida-westman-forvantansfull\\\/\",\"url\":\"https:\\\/\\\/falun2027.com\\\/sv\\\/varldscupen-for-damer-tar-plats-i-falun-frida-westman-forvantansfull\\\/\",\"name\":\"V\u00e4rldscupen f\u00f6r damer tar plats i Falun \u2013 Frida Westman f\u00f6rv\u00e4ntansfull - Falun 2027\",\"isPartOf\":{\"@id\":\"https:\\\/\\\/falun2027.com\\\/sv\\\/#website\"},\"primaryImageOfPage\":{\"@id\":\"https:\\\/\\\/falun2027.com\\\/sv\\\/varldscupen-for-damer-tar-plats-i-falun-frida-westman-forvantansfull\\\/#primaryimage\"},\"image\":{\"@id\":\"https:\\\/\\\/falun2027.com\\\/sv\\\/varldscupen-for-damer-tar-plats-i-falun-frida-westman-forvantansfull\\\/#primaryimage\"},\"thumbnailUrl\":\"https:\\\/\\\/falun2027.com\\\/wp-content\\\/uploads\\\/2025\\\/10\\\/fridaw.jpeg\",\"datePublished\":\"2025-11-28T09:31:30+00:00\",\"author\":{\"@id\":\"https:\\\/\\\/falun2027.com\\\/sv\\\/#\\\/schema\\\/person\\\/aefdfd3d417443b23fec38909ae83025\"},\"breadcrumb\":{\"@id\":\"https:\\\/\\\/falun2027.com\\\/sv\\\/varldscupen-for-damer-tar-plats-i-falun-frida-westman-forvantansfull\\\/#breadcrumb\"},\"inLanguage\":\"sv-SE\",\"potentialAction\":[{\"@type\":\"ReadAction\",\"target\":[\"https:\\\/\\\/falun2027.com\\\/sv\\\/varldscupen-for-damer-tar-plats-i-falun-frida-westman-forvantansfull\\\/\"]}]},{\"@type\":\"ImageObject\",\"inLanguage\":\"sv-SE\",\"@id\":\"https:\\\/\\\/falun2027.com\\\/sv\\\/varldscupen-for-damer-tar-plats-i-falun-frida-westman-forvantansfull\\\/#primaryimage\",\"url\":\"https:\\\/\\\/falun2027.com\\\/wp-content\\\/uploads\\\/2025\\\/10\\\/fridaw.jpeg\",\"contentUrl\":\"https:\\\/\\\/falun2027.com\\\/wp-content\\\/uploads\\\/2025\\\/10\\\/fridaw.jpeg\",\"width\":1620,\"height\":1080},{\"@type\":\"BreadcrumbList\",\"@id\":\"https:\\\/\\\/falun2027.com\\\/sv\\\/varldscupen-for-damer-tar-plats-i-falun-frida-westman-forvantansfull\\\/#breadcrumb\",\"itemListElement\":[{\"@type\":\"ListItem\",\"position\":1,\"name\":\"Hem\",\"item\":\"https:\\\/\\\/falun2027.com\\\/sv\\\/\"},{\"@type\":\"ListItem\",\"position\":2,\"name\":\"V\u00e4rldscupen f\u00f6r damer tar plats i Falun \u2013 Frida Westman f\u00f6rv\u00e4ntansfull\"}]},{\"@type\":\"WebSite\",\"@id\":\"https:\\\/\\\/falun2027.com\\\/sv\\\/#website\",\"url\":\"https:\\\/\\\/falun2027.com\\\/sv\\\/\",\"name\":\"Falun 2027\",\"description\":\"Skid-VM Falun 2027\",\"potentialAction\":[{\"@type\":\"SearchAction\",\"target\":{\"@type\":\"EntryPoint\",\"urlTemplate\":\"https:\\\/\\\/falun2027.com\\\/sv\\\/?s={search_term_string}\"},\"query-input\":{\"@type\":\"PropertyValueSpecification\",\"valueRequired\":true,\"valueName\":\"search_term_string\"}}],\"inLanguage\":\"sv-SE\"},{\"@type\":\"Person\",\"@id\":\"https:\\\/\\\/falun2027.com\\\/sv\\\/#\\\/schema\\\/person\\\/aefdfd3d417443b23fec38909ae83025\",\"name\":\"Ulrika Back\",\"image\":{\"@type\":\"ImageObject\",\"inLanguage\":\"sv-SE\",\"@id\":\"https:\\\/\\\/falun2027.com\\\/wp-content\\\/litespeed\\\/avatar\\\/044ea6ce72bed89b31f7677a47327ed6.jpg?ver=1777390622\",\"url\":\"https:\\\/\\\/falun2027.com\\\/wp-content\\\/litespeed\\\/avatar\\\/044ea6ce72bed89b31f7677a47327ed6.jpg?ver=1777390622\",\"contentUrl\":\"https:\\\/\\\/falun2027.com\\\/wp-content\\\/litespeed\\\/avatar\\\/044ea6ce72bed89b31f7677a47327ed6.jpg?ver=1777390622\",\"caption\":\"Ulrika Back\"}}]}<\/script>\n<!-- \/ Yoast SEO plugin. -->","yoast_head_json":{"title":"V\u00e4rldscupen f\u00f6r damer tar plats i Falun \u2013 Frida Westman f\u00f6rv\u00e4ntansfull - Falun 2027","robots":{"index":"index","follow":"follow","max-snippet":"max-snippet:-1","max-image-preview":"max-image-preview:large","max-video-preview":"max-video-preview:-1"},"canonical":"https:\/\/falun2027.com\/sv\/varldscupen-for-damer-tar-plats-i-falun-frida-westman-forvantansfull\/","og_locale":"sv_SE","og_type":"article","og_title":"V\u00e4rldscupen f\u00f6r damer tar plats i Falun \u2013 Frida Westman f\u00f6rv\u00e4ntansfull - Falun 2027","og_description":"V\u00e4rldscupveckan i backhoppning forts\u00e4tter i Falun \u2013 och nu riktas str\u00e5lkastarljuset mot damerna. F\u00f6r f\u00f6rsta g\u00e5ngen n\u00e5gonsin ska v\u00e4rldens b\u00e4sta kvinnliga backhoppare t\u00e4vla i stora backen i Falun. Det \u00e4r en historisk helg som v\u00e4ntar p\u00e5 Lugnet n\u00e4r v\u00e4rldscupen g\u00f6r ett efterl\u00e4ngtat stopp i Sverige. Bland de t\u00e4vlande finns svenska stj\u00e4rnan Frida Westman, som efter&hellip;","og_url":"https:\/\/falun2027.com\/sv\/varldscupen-for-damer-tar-plats-i-falun-frida-westman-forvantansfull\/","og_site_name":"Falun 2027","article_published_time":"2025-11-28T09:31:30+00:00","og_image":[{"width":1620,"height":1080,"url":"https:\/\/falun2027.com\/wp-content\/uploads\/2025\/10\/fridaw.jpeg","type":"image\/jpeg"}],"author":"Ulrika Back","twitter_card":"summary_large_image","twitter_misc":{"Skriven av":"Ulrika Back","Ber\u00e4knad l\u00e4stid":"2 minuter"},"schema":{"@context":"https:\/\/schema.org","@graph":[{"@type":"Article","@id":"https:\/\/falun2027.com\/sv\/varldscupen-for-damer-tar-plats-i-falun-frida-westman-forvantansfull\/#article","isPartOf":{"@id":"https:\/\/falun2027.com\/sv\/varldscupen-for-damer-tar-plats-i-falun-frida-westman-forvantansfull\/"},"author":{"name":"Ulrika Back","@id":"https:\/\/falun2027.com\/sv\/#\/schema\/person\/aefdfd3d417443b23fec38909ae83025"},"headline":"V\u00e4rldscupen f\u00f6r damer tar plats i Falun \u2013 Frida Westman f\u00f6rv\u00e4ntansfull","datePublished":"2025-11-28T09:31:30+00:00","mainEntityOfPage":{"@id":"https:\/\/falun2027.com\/sv\/varldscupen-for-damer-tar-plats-i-falun-frida-westman-forvantansfull\/"},"wordCount":247,"image":{"@id":"https:\/\/falun2027.com\/sv\/varldscupen-for-damer-tar-plats-i-falun-frida-westman-forvantansfull\/#primaryimage"},"thumbnailUrl":"https:\/\/falun2027.com\/wp-content\/uploads\/2025\/10\/fridaw.jpeg","articleSection":["Nyheter"],"inLanguage":"sv-SE"},{"@type":"WebPage","@id":"https:\/\/falun2027.com\/sv\/varldscupen-for-damer-tar-plats-i-falun-frida-westman-forvantansfull\/","url":"https:\/\/falun2027.com\/sv\/varldscupen-for-damer-tar-plats-i-falun-frida-westman-forvantansfull\/","name":"V\u00e4rldscupen f\u00f6r damer tar plats i Falun \u2013 Frida Westman f\u00f6rv\u00e4ntansfull - Falun 2027","isPartOf":{"@id":"https:\/\/falun2027.com\/sv\/#website"},"primaryImageOfPage":{"@id":"https:\/\/falun2027.com\/sv\/varldscupen-for-damer-tar-plats-i-falun-frida-westman-forvantansfull\/#primaryimage"},"image":{"@id":"https:\/\/falun2027.com\/sv\/varldscupen-for-damer-tar-plats-i-falun-frida-westman-forvantansfull\/#primaryimage"},"thumbnailUrl":"https:\/\/falun2027.com\/wp-content\/uploads\/2025\/10\/fridaw.jpeg","datePublished":"2025-11-28T09:31:30+00:00","author":{"@id":"https:\/\/falun2027.com\/sv\/#\/schema\/person\/aefdfd3d417443b23fec38909ae83025"},"breadcrumb":{"@id":"https:\/\/falun2027.com\/sv\/varldscupen-for-damer-tar-plats-i-falun-frida-westman-forvantansfull\/#breadcrumb"},"inLanguage":"sv-SE","potentialAction":[{"@type":"ReadAction","target":["https:\/\/falun2027.com\/sv\/varldscupen-for-damer-tar-plats-i-falun-frida-westman-forvantansfull\/"]}]},{"@type":"ImageObject","inLanguage":"sv-SE","@id":"https:\/\/falun2027.com\/sv\/varldscupen-for-damer-tar-plats-i-falun-frida-westman-forvantansfull\/#primaryimage","url":"https:\/\/falun2027.com\/wp-content\/uploads\/2025\/10\/fridaw.jpeg","contentUrl":"https:\/\/falun2027.com\/wp-content\/uploads\/2025\/10\/fridaw.jpeg","width":1620,"height":1080},{"@type":"BreadcrumbList","@id":"https:\/\/falun2027.com\/sv\/varldscupen-for-damer-tar-plats-i-falun-frida-westman-forvantansfull\/#breadcrumb","itemListElement":[{"@type":"ListItem","position":1,"name":"Hem","item":"https:\/\/falun2027.com\/sv\/"},{"@type":"ListItem","position":2,"name":"V\u00e4rldscupen f\u00f6r damer tar plats i Falun \u2013 Frida Westman f\u00f6rv\u00e4ntansfull"}]},{"@type":"WebSite","@id":"https:\/\/falun2027.com\/sv\/#website","url":"https:\/\/falun2027.com\/sv\/","name":"Falun 2027","description":"Skid-VM Falun 2027","potentialAction":[{"@type":"SearchAction","target":{"@type":"EntryPoint","urlTemplate":"https:\/\/falun2027.com\/sv\/?s={search_term_string}"},"query-input":{"@type":"PropertyValueSpecification","valueRequired":true,"valueName":"search_term_string"}}],"inLanguage":"sv-SE"},{"@type":"Person","@id":"https:\/\/falun2027.com\/sv\/#\/schema\/person\/aefdfd3d417443b23fec38909ae83025","name":"Ulrika Back","image":{"@type":"ImageObject","inLanguage":"sv-SE","@id":"https:\/\/falun2027.com\/wp-content\/litespeed\/avatar\/044ea6ce72bed89b31f7677a47327ed6.jpg?ver=1777390622","url":"https:\/\/falun2027.com\/wp-content\/litespeed\/avatar\/044ea6ce72bed89b31f7677a47327ed6.jpg?ver=1777390622","contentUrl":"https:\/\/falun2027.com\/wp-content\/litespeed\/avatar\/044ea6ce72bed89b31f7677a47327ed6.jpg?ver=1777390622","caption":"Ulrika Back"}}]}},"_links":{"self":[{"href":"https:\/\/falun2027.com\/sv\/wp-json\/wp\/v2\/posts\/6409","targetHints":{"allow":["GET"]}}],"collection":[{"href":"https:\/\/falun2027.com\/sv\/wp-json\/wp\/v2\/posts"}],"about":[{"href":"https:\/\/falun2027.com\/sv\/wp-json\/wp\/v2\/types\/post"}],"author":[{"embeddable":true,"href":"https:\/\/falun2027.com\/sv\/wp-json\/wp\/v2\/users\/4"}],"replies":[{"embeddable":true,"href":"https:\/\/falun2027.com\/sv\/wp-json\/wp\/v2\/comments?post=6409"}],"version-history":[{"count":0,"href":"https:\/\/falun2027.com\/sv\/wp-json\/wp\/v2\/posts\/6409\/revisions"}],"wp:featuredmedia":[{"embeddable":true,"href":"https:\/\/falun2027.com\/sv\/wp-json\/wp\/v2\/media\/5598"}],"wp:attachment":[{"href":"https:\/\/falun2027.com\/sv\/wp-json\/wp\/v2\/media?parent=6409"}],"wp:term":[{"taxonomy":"category","embeddable":true,"href":"https:\/\/falun2027.com\/sv\/wp-json\/wp\/v2\/categories?post=6409"},{"taxonomy":"post_tag","embeddable":true,"href":"https:\/\/falun2027.com\/sv\/wp-json\/wp\/v2\/tags?post=6409"}],"curies":[{"name":"wp","href":"https:\/\/api.w.org\/{rel}","templated":true}]}}